{"id":77437,"date":"2020-07-08T10:35:07","date_gmt":"2020-07-08T13:35:07","guid":{"rendered":"https:\/\/eldiariodesanpedro.com.ar\/sitio\/?p=77437"},"modified":"2020-07-08T10:35:11","modified_gmt":"2020-07-08T13:35:11","slug":"incendio-de-vivienda-con-perdida-totales","status":"publish","type":"post","link":"https:\/\/eldiariodesanpedro.com.ar\/sitio\/incendio-de-vivienda-con-perdida-totales\/","title":{"rendered":"Incendio de vivienda con perdida totales"},"content":{"rendered":"<!-- VideographyWP Plugin Message: Automatic video embedding prevented by plugin options. -->\n\n<p>Este martes por la noche Bomberos Voluntarios tuvo que hacerse presente en una vivienda ubicada en la zona de barrancas donde las p\u00e9rdidas por el fuego fueron totales.<\/p>\n\n\n\n<p>Este martes alrededor de las 23:30 hs una dotaci\u00f3n de Bomberos Voluntarios tuvo que hacerse presente en una precaria vivienda ubicada en zona de barrancas en calle Sargento Selada al 200.<\/p>\n\n\n\n<p>En la vivienda se encontraba una mujer de 33 a\u00f1os con sus cuatro hijos menores de 4, 6, 9, 11 y 12 a\u00f1os que afortunadamente lograron salir a tiempo.<\/p>\n\n\n\n<p>Seg\u00fan inform\u00f3 bomberos el juego fue intenso y las p\u00e9rdidas fueron totales.<\/p>\n\n\n\n<p>La mujer se acerc\u00f3 a la comisar\u00eda local donde realiz\u00f3 una denuncia asegurando que el hecho se tratar\u00eda intencional.<\/p>\n","protected":false},"excerpt":{"rendered":"<p>Este martes por la noche Bomberos Voluntarios tuvo que hacerse presente en una vivienda ubicada en la zona de barrancas donde las p\u00e9rdidas por el fuego fueron totales. Este martes alrededor de las 23:30 hs una dotaci\u00f3n de Bomberos Voluntarios tuvo que hacerse presente en una precaria vivienda ubicada en zona de barrancas en calle [&hellip;]<\/p>\n","protected":false},"author":4,"featured_media":77438,"comment_status":"open","ping_status":"closed","sticky":false,"template":"","format":"standard","meta":{"om_disable_all_campaigns":false,"_jetpack_memberships_contains_paid_content":false,"footnotes":""},"categories":[50,2,103],"tags":[981,197,562,33,95,19],"class_list":["post-77437","post","type-post","status-publish","format-standard","has-post-thumbnail","hentry","category-destacadas","category-locales","category-policiales-locales","tag-bomberos-voluntarios","tag-buenos-aires","tag-incendio","tag-locales","tag-policiales","tag-san-pedro"],"aioseo_notices":[],"gutentor_comment":0,"jetpack_featured_media_url":"https:\/\/eldiariodesanpedro.com.ar\/sitio\/wp-content\/uploads\/2020\/07\/WhatsApp-Image-2020-07-08-at-10.18.16-rotated.jpeg","jetpack_shortlink":"https:\/\/wp.me\/p6RhLt-k8Z","jetpack_sharing_enabled":true,"_links":{"self":[{"href":"https:\/\/eldiariodesanpedro.com.ar\/sitio\/wp-json\/wp\/v2\/posts\/77437","targetHints":{"allow":["GET"]}}],"collection":[{"href":"https:\/\/eldiariodesanpedro.com.ar\/sitio\/wp-json\/wp\/v2\/posts"}],"about":[{"href":"https:\/\/eldiariodesanpedro.com.ar\/sitio\/wp-json\/wp\/v2\/types\/post"}],"author":[{"embeddable":true,"href":"https:\/\/eldiariodesanpedro.com.ar\/sitio\/wp-json\/wp\/v2\/users\/4"}],"replies":[{"embeddable":true,"href":"https:\/\/eldiariodesanpedro.com.ar\/sitio\/wp-json\/wp\/v2\/comments?post=77437"}],"version-history":[{"count":1,"href":"https:\/\/eldiariodesanpedro.com.ar\/sitio\/wp-json\/wp\/v2\/posts\/77437\/revisions"}],"predecessor-version":[{"id":77439,"href":"https:\/\/eldiariodesanpedro.com.ar\/sitio\/wp-json\/wp\/v2\/posts\/77437\/revisions\/77439"}],"wp:featuredmedia":[{"embeddable":true,"href":"https:\/\/eldiariodesanpedro.com.ar\/sitio\/wp-json\/wp\/v2\/media\/77438"}],"wp:attachment":[{"href":"https:\/\/eldiariodesanpedro.com.ar\/sitio\/wp-json\/wp\/v2\/media?parent=77437"}],"wp:term":[{"taxonomy":"category","embeddable":true,"href":"https:\/\/eldiariodesanpedro.com.ar\/sitio\/wp-json\/wp\/v2\/categories?post=77437"},{"taxonomy":"post_tag","embeddable":true,"href":"https:\/\/eldiariodesanpedro.com.ar\/sitio\/wp-json\/wp\/v2\/tags?post=77437"}],"curies":[{"name":"wp","href":"https:\/\/api.w.org\/{rel}","templated":true}]}}