{"id":77435,"date":"2020-07-08T10:13:53","date_gmt":"2020-07-08T13:13:53","guid":{"rendered":"https:\/\/eldiariodesanpedro.com.ar\/sitio\/?p=77435"},"modified":"2020-07-08T10:13:57","modified_gmt":"2020-07-08T13:13:57","slug":"nuevas-estafas-telefonicas-con-el-ife","status":"publish","type":"post","link":"https:\/\/eldiariodesanpedro.com.ar\/sitio\/nuevas-estafas-telefonicas-con-el-ife\/","title":{"rendered":"Nuevas estafas telef\u00f3nicas con el IFE"},"content":{"rendered":"<!-- VideographyWP Plugin Message: Automatic video embedding prevented by plugin options. -->\n\n<p>Durante estos \u00faltimos d\u00edas se recibieron varias denuncias donde personas advierten llamados telef\u00f3nicos donde se ofrece el pago de IFE.<\/p>\n\n\n\n<p>En esta ocasi\u00f3n una mujer de 62 a\u00f1os de edad junto a otras dos mujeres v\u00edctimas resultaron estafadas con la modalidad telef\u00f3nica, logrando que las misma ingresen a sus cuentas bancarias donde depositar\u00e1n supuesto pago IFE, y aprovech\u00e1ndose de esa situaci\u00f3n, indujeron a que las v\u00edctimas transfirieron su dinero que pose\u00edan a otra cuenta.<\/p>\n\n\n\n<p>Se investiga con intervenci\u00f3n fiscal\u00eda local de turno.<\/p>\n","protected":false},"excerpt":{"rendered":"<p>Durante estos \u00faltimos d\u00edas se recibieron varias denuncias donde personas advierten llamados telef\u00f3nicos donde se ofrece el pago de IFE. En esta ocasi\u00f3n una mujer de 62 a\u00f1os de edad junto a otras dos mujeres v\u00edctimas resultaron estafadas con la modalidad telef\u00f3nica, logrando que las misma ingresen a sus cuentas bancarias donde depositar\u00e1n supuesto pago [&hellip;]<\/p>\n","protected":false},"author":4,"featured_media":45394,"comment_status":"open","ping_status":"closed","sticky":false,"template":"","format":"standard","meta":{"om_disable_all_campaigns":false,"_jetpack_memberships_contains_paid_content":false,"footnotes":""},"categories":[2,103],"tags":[197,33,95,19],"class_list":["post-77435","post","type-post","status-publish","format-standard","has-post-thumbnail","hentry","category-locales","category-policiales-locales","tag-buenos-aires","tag-locales","tag-policiales","tag-san-pedro"],"aioseo_notices":[],"gutentor_comment":0,"jetpack_featured_media_url":"https:\/\/eldiariodesanpedro.com.ar\/sitio\/wp-content\/uploads\/2019\/01\/comisaria.jpg","jetpack_shortlink":"https:\/\/wp.me\/p6RhLt-k8X","jetpack_sharing_enabled":true,"_links":{"self":[{"href":"https:\/\/eldiariodesanpedro.com.ar\/sitio\/wp-json\/wp\/v2\/posts\/77435","targetHints":{"allow":["GET"]}}],"collection":[{"href":"https:\/\/eldiariodesanpedro.com.ar\/sitio\/wp-json\/wp\/v2\/posts"}],"about":[{"href":"https:\/\/eldiariodesanpedro.com.ar\/sitio\/wp-json\/wp\/v2\/types\/post"}],"author":[{"embeddable":true,"href":"https:\/\/eldiariodesanpedro.com.ar\/sitio\/wp-json\/wp\/v2\/users\/4"}],"replies":[{"embeddable":true,"href":"https:\/\/eldiariodesanpedro.com.ar\/sitio\/wp-json\/wp\/v2\/comments?post=77435"}],"version-history":[{"count":1,"href":"https:\/\/eldiariodesanpedro.com.ar\/sitio\/wp-json\/wp\/v2\/posts\/77435\/revisions"}],"predecessor-version":[{"id":77436,"href":"https:\/\/eldiariodesanpedro.com.ar\/sitio\/wp-json\/wp\/v2\/posts\/77435\/revisions\/77436"}],"wp:featuredmedia":[{"embeddable":true,"href":"https:\/\/eldiariodesanpedro.com.ar\/sitio\/wp-json\/wp\/v2\/media\/45394"}],"wp:attachment":[{"href":"https:\/\/eldiariodesanpedro.com.ar\/sitio\/wp-json\/wp\/v2\/media?parent=77435"}],"wp:term":[{"taxonomy":"category","embeddable":true,"href":"https:\/\/eldiariodesanpedro.com.ar\/sitio\/wp-json\/wp\/v2\/categories?post=77435"},{"taxonomy":"post_tag","embeddable":true,"href":"https:\/\/eldiariodesanpedro.com.ar\/sitio\/wp-json\/wp\/v2\/tags?post=77435"}],"curies":[{"name":"wp","href":"https:\/\/api.w.org\/{rel}","templated":true}]}}