{"id":77360,"date":"2020-07-06T12:29:10","date_gmt":"2020-07-06T15:29:10","guid":{"rendered":"https:\/\/eldiariodesanpedro.com.ar\/sitio\/?p=77360"},"modified":"2020-07-06T12:29:15","modified_gmt":"2020-07-06T15:29:15","slug":"joven-protagonizo-un-accidente-en-cercanias-de-la-bajada-de-chavez","status":"publish","type":"post","link":"https:\/\/eldiariodesanpedro.com.ar\/sitio\/joven-protagonizo-un-accidente-en-cercanias-de-la-bajada-de-chavez\/","title":{"rendered":"Joven protagonizo un accidente en cercan\u00edas de la Bajada de Chavez"},"content":{"rendered":"<!-- VideographyWP Plugin Message: Automatic video embedding prevented by plugin options. -->\n\n<p>El pasado domingo ocurri\u00f3 un hecho donde un joven result\u00f3 gravemente lesionado en su rostro.<\/p>\n\n\n\n<p>En cercan\u00edas de la bajada de Ch\u00e1vez un joven de 19 a\u00f1os de edad sufri\u00f3 un grave accidente en su motocicleta donde tras perder el control del rodado al realizar una maniobra arriesgada sufre un fuerte golpe en su rostro.<\/p>\n\n\n\n<p>En el lugar se hizo presente una ambulancia del SAME para trasladarlo al nosocomio local donde se constat\u00f3 que sufri\u00f3 un traumatismo craneofacial, con hundimiento del macizo facial.<\/p>\n","protected":false},"excerpt":{"rendered":"<p>El pasado domingo ocurri\u00f3 un hecho donde un joven result\u00f3 gravemente lesionado en su rostro. En cercan\u00edas de la bajada de Ch\u00e1vez un joven de 19 a\u00f1os de edad sufri\u00f3 un grave accidente en su motocicleta donde tras perder el control del rodado al realizar una maniobra arriesgada sufre un fuerte golpe en su rostro. [&hellip;]<\/p>\n","protected":false},"author":4,"featured_media":75755,"comment_status":"open","ping_status":"closed","sticky":false,"template":"","format":"standard","meta":{"om_disable_all_campaigns":false,"_jetpack_memberships_contains_paid_content":false,"footnotes":""},"categories":[2,103],"tags":[24,1671,197,33,95,19],"class_list":["post-77360","post","type-post","status-publish","format-standard","has-post-thumbnail","hentry","category-locales","category-policiales-locales","tag-accidente","tag-baja-de-chavez","tag-buenos-aires","tag-locales","tag-policiales","tag-san-pedro"],"aioseo_notices":[],"gutentor_comment":0,"jetpack_featured_media_url":"https:\/\/eldiariodesanpedro.com.ar\/sitio\/wp-content\/uploads\/2020\/06\/unnamed-2.jpg","jetpack_shortlink":"https:\/\/wp.me\/p6RhLt-k7K","jetpack_sharing_enabled":true,"_links":{"self":[{"href":"https:\/\/eldiariodesanpedro.com.ar\/sitio\/wp-json\/wp\/v2\/posts\/77360","targetHints":{"allow":["GET"]}}],"collection":[{"href":"https:\/\/eldiariodesanpedro.com.ar\/sitio\/wp-json\/wp\/v2\/posts"}],"about":[{"href":"https:\/\/eldiariodesanpedro.com.ar\/sitio\/wp-json\/wp\/v2\/types\/post"}],"author":[{"embeddable":true,"href":"https:\/\/eldiariodesanpedro.com.ar\/sitio\/wp-json\/wp\/v2\/users\/4"}],"replies":[{"embeddable":true,"href":"https:\/\/eldiariodesanpedro.com.ar\/sitio\/wp-json\/wp\/v2\/comments?post=77360"}],"version-history":[{"count":1,"href":"https:\/\/eldiariodesanpedro.com.ar\/sitio\/wp-json\/wp\/v2\/posts\/77360\/revisions"}],"predecessor-version":[{"id":77361,"href":"https:\/\/eldiariodesanpedro.com.ar\/sitio\/wp-json\/wp\/v2\/posts\/77360\/revisions\/77361"}],"wp:featuredmedia":[{"embeddable":true,"href":"https:\/\/eldiariodesanpedro.com.ar\/sitio\/wp-json\/wp\/v2\/media\/75755"}],"wp:attachment":[{"href":"https:\/\/eldiariodesanpedro.com.ar\/sitio\/wp-json\/wp\/v2\/media?parent=77360"}],"wp:term":[{"taxonomy":"category","embeddable":true,"href":"https:\/\/eldiariodesanpedro.com.ar\/sitio\/wp-json\/wp\/v2\/categories?post=77360"},{"taxonomy":"post_tag","embeddable":true,"href":"https:\/\/eldiariodesanpedro.com.ar\/sitio\/wp-json\/wp\/v2\/tags?post=77360"}],"curies":[{"name":"wp","href":"https:\/\/api.w.org\/{rel}","templated":true}]}}