{"id":77349,"date":"2020-07-06T11:07:34","date_gmt":"2020-07-06T14:07:34","guid":{"rendered":"https:\/\/eldiariodesanpedro.com.ar\/sitio\/?p=77349"},"modified":"2020-07-06T11:07:38","modified_gmt":"2020-07-06T14:07:38","slug":"allanaron-a-guardavidas-por-un-robo-en-el-hotel-howard-johnson","status":"publish","type":"post","link":"https:\/\/eldiariodesanpedro.com.ar\/sitio\/allanaron-a-guardavidas-por-un-robo-en-el-hotel-howard-johnson\/","title":{"rendered":"Allanaron a guardavidas por un robo en el hotel Howard Johnson"},"content":{"rendered":"<!-- VideographyWP Plugin Message: Automatic video embedding prevented by plugin options. -->\n\n<p>El operativo fue encabezado por la DDI y por segunda vez requisaron una vivienda donde se encontraron elementos relacionados con la firma hotelera.<\/p>\n\n\n\n<p>En un operativo ordenado por el fiscal Marcelo Manso y realizado por el personal de la DDI San Pedro- Baradero, se lograron recuperar diversos elementos vinculados a un robo cometido en el Hotel Howard Johnson, donde los responsables de la empresa hab\u00edan advertido el faltante de diversos elementos.<\/p>\n\n\n\n<p>El allanamiento se realiz\u00f3 por segunda vez en una vivienda de la calle Obligado al 2000, donde unas semanas atr\u00e1s ya hab\u00edan estado y se secuestraron varios elementos pertenecientes al hotel.<\/p>\n\n\n\n<p>Lo particular del caso fue que la investigaci\u00f3n continu\u00f3 y tras reunir diversos datos se logr\u00f3 comprobar que la misma mujer que se encontraba en ese domicilio el d\u00eda del primer operativo hab\u00eda brindado datos filiatorios falsos, se trataba de quien era empleada de la empresa donde se desempe\u00f1aba como guardavidas y ofrec\u00eda para la venta a trav\u00e9s de las redes sociales lo sustra\u00eddo en el hotel.<\/p>\n\n\n\n<p>En el primer allanamiento se secuestraron diversos elementos como un televisor, un proyector, parlantes, una cortadora de fiambre, entre otros. Mientras tanto, la semana anterior, se incaut\u00f3 un dispenser que tambi\u00e9n pertenec\u00eda a la empresa hotelera. &nbsp;&nbsp;&nbsp;<\/p>\n\n\n\n<p>La trabajadora fue notificada de la formaci\u00f3n de la causa y la imputaci\u00f3n correspondiente aunque no se dispuso otra medida en su contra.<\/p>\n\n\n\n<p>Fuente: San Pedro Informa<\/p>\n","protected":false},"excerpt":{"rendered":"<p>El operativo fue encabezado por la DDI y por segunda vez requisaron una vivienda donde se encontraron elementos relacionados con la firma hotelera. En un operativo ordenado por el fiscal Marcelo Manso y realizado por el personal de la DDI San Pedro- Baradero, se lograron recuperar diversos elementos vinculados a un robo cometido en el [&hellip;]<\/p>\n","protected":false},"author":4,"featured_media":77350,"comment_status":"open","ping_status":"closed","sticky":false,"template":"","format":"standard","meta":{"om_disable_all_campaigns":false,"_jetpack_memberships_contains_paid_content":false,"footnotes":""},"categories":[2,103],"tags":[122,197,33,95,19],"class_list":["post-77349","post","type-post","status-publish","format-standard","has-post-thumbnail","hentry","category-locales","category-policiales-locales","tag-allanamiento","tag-buenos-aires","tag-locales","tag-policiales","tag-san-pedro"],"aioseo_notices":[],"gutentor_comment":0,"jetpack_featured_media_url":"https:\/\/eldiariodesanpedro.com.ar\/sitio\/wp-content\/uploads\/2020\/07\/000085257.jpg","jetpack_shortlink":"https:\/\/wp.me\/p6RhLt-k7z","jetpack_sharing_enabled":true,"_links":{"self":[{"href":"https:\/\/eldiariodesanpedro.com.ar\/sitio\/wp-json\/wp\/v2\/posts\/77349","targetHints":{"allow":["GET"]}}],"collection":[{"href":"https:\/\/eldiariodesanpedro.com.ar\/sitio\/wp-json\/wp\/v2\/posts"}],"about":[{"href":"https:\/\/eldiariodesanpedro.com.ar\/sitio\/wp-json\/wp\/v2\/types\/post"}],"author":[{"embeddable":true,"href":"https:\/\/eldiariodesanpedro.com.ar\/sitio\/wp-json\/wp\/v2\/users\/4"}],"replies":[{"embeddable":true,"href":"https:\/\/eldiariodesanpedro.com.ar\/sitio\/wp-json\/wp\/v2\/comments?post=77349"}],"version-history":[{"count":1,"href":"https:\/\/eldiariodesanpedro.com.ar\/sitio\/wp-json\/wp\/v2\/posts\/77349\/revisions"}],"predecessor-version":[{"id":77351,"href":"https:\/\/eldiariodesanpedro.com.ar\/sitio\/wp-json\/wp\/v2\/posts\/77349\/revisions\/77351"}],"wp:featuredmedia":[{"embeddable":true,"href":"https:\/\/eldiariodesanpedro.com.ar\/sitio\/wp-json\/wp\/v2\/media\/77350"}],"wp:attachment":[{"href":"https:\/\/eldiariodesanpedro.com.ar\/sitio\/wp-json\/wp\/v2\/media?parent=77349"}],"wp:term":[{"taxonomy":"category","embeddable":true,"href":"https:\/\/eldiariodesanpedro.com.ar\/sitio\/wp-json\/wp\/v2\/categories?post=77349"},{"taxonomy":"post_tag","embeddable":true,"href":"https:\/\/eldiariodesanpedro.com.ar\/sitio\/wp-json\/wp\/v2\/tags?post=77349"}],"curies":[{"name":"wp","href":"https:\/\/api.w.org\/{rel}","templated":true}]}}