{"id":77294,"date":"2020-07-04T11:40:11","date_gmt":"2020-07-04T14:40:11","guid":{"rendered":"https:\/\/eldiariodesanpedro.com.ar\/sitio\/?p=77294"},"modified":"2020-07-04T11:40:13","modified_gmt":"2020-07-04T14:40:13","slug":"santa-fe-prohibio-la-salida-de-medicos-al-territorio-bonaerense-y-peligra-la-atencion-en-el-hospital-de-nuestra-ciudad","status":"publish","type":"post","link":"https:\/\/eldiariodesanpedro.com.ar\/sitio\/santa-fe-prohibio-la-salida-de-medicos-al-territorio-bonaerense-y-peligra-la-atencion-en-el-hospital-de-nuestra-ciudad\/","title":{"rendered":"Santa Fe prohibi\u00f3 la salida de m\u00e9dicos al territorio bonaerense y peligra la atenci\u00f3n en el Hospital de nuestra ciudad"},"content":{"rendered":"<!-- VideographyWP Plugin Message: Automatic video embedding prevented by plugin options. -->\n\n<p>La preocupaci\u00f3n de las autoridades sanitarias es cada vez mayor y en pocas horas podr\u00edan quedar inactivas la terapia intensiva y la guardia del Hospital \u201cEmilio Ruffa\u201d. \u00a0La medida impide que alrededor de 20 m\u00e9dicos puedan atender en San Pedro.<\/p>\n\n\n\n<p>La situaci\u00f3n sanitaria de la ciudad es cada vez m\u00e1s cr\u00edtica debido al aumento de casos de covid positivos, y se podr\u00eda agravar a\u00fan m\u00e1s si no se logra revertir la decisi\u00f3n tomada por las autoridades de salud de Santa Fe que resolvieron impedir que los m\u00e9dicos de esa provincia accedan al territorio bonaerense para prestar servicios en distintos hospitales p\u00fablicos y establecimientos privados.<\/p>\n\n\n\n<p>El Dr. Javier Sualdea, Director del Hospital Municipal \u201cEmilio Ruffa\u201d de San Pedro, asegur\u00f3 que la situaci\u00f3n es grave, \u201cDesde las ocho y hasta las veinte horas del viernes no tenemos m\u00e9dicos en terapia intensiva con el agravante que tenemos una paciente con pancreatitis aguda y si bien entre varios m\u00e9dicos lo vamos a cubrir la situaci\u00f3n se va a ir agravando con el paso del tiempo\u201d, se\u00f1al\u00f3 el profesional.<\/p>\n\n\n\n<p>\u201cEn la guardia general tambi\u00e9n tenemos problemas, en traumatolog\u00eda tenemos problemas, en cirug\u00eda y ginecolog\u00eda, estamos igual. Esto es una medida unilateral que pone en riesgo la normal atenci\u00f3n del hospital\u201d.<\/p>\n\n\n\n<p>D\u00edas atr\u00e1s el Secretario de Salud Guillermo Sancho hab\u00eda manifestado su preocupaci\u00f3n y agreg\u00f3 que desde Regi\u00f3n Sanitaria nada se pod\u00eda hacer.<\/p>\n\n\n\n<p>La pol\u00e9mica medida adoptada por la provincia de Santa F\u00e9 no solo complica la atenci\u00f3n de la salud p\u00fablica en el territorio bonaerense sino tambi\u00e9n en el \u00e1mbito privado y en San Pedro mismo, varias entidades han tenido que modificar su agenda diaria como producto de la misma situaci\u00f3n donde los m\u00e9dicos especialistas tampoco est\u00e1n pudiendo salir de su provincia para cumplir con los compromisos contra\u00eddos con miles de pacientes bonaerenses. \u00a0<\/p>\n\n\n\n<p>Fuente: <a href=\"https:\/\/www.sanpedroinforma.com.ar\/nota\/123444\/sociedad\/santa-fe-prohibio-la-salida-de-medicos-al-territorio-bonaerense-y-peligra-la-atencion-en-el-hospital-de-nuestra-ciudad.html\">San Pedro Informa<\/a><\/p>\n","protected":false},"excerpt":{"rendered":"<p>La preocupaci\u00f3n de las autoridades sanitarias es cada vez mayor y en pocas horas podr\u00edan quedar inactivas la terapia intensiva y la guardia del Hospital \u201cEmilio Ruffa\u201d. \u00a0La medida impide que alrededor de 20 m\u00e9dicos puedan atender en San Pedro. La situaci\u00f3n sanitaria de la ciudad es cada vez m\u00e1s cr\u00edtica debido al aumento de [&hellip;]<\/p>\n","protected":false},"author":4,"featured_media":77295,"comment_status":"open","ping_status":"closed","sticky":false,"template":"","format":"standard","meta":{"om_disable_all_campaigns":false,"_jetpack_memberships_contains_paid_content":false,"footnotes":""},"categories":[101,2],"tags":[197,696,33,19],"class_list":["post-77294","post","type-post","status-publish","format-standard","has-post-thumbnail","hentry","category-interes-general-locales","category-locales","tag-buenos-aires","tag-interes-general","tag-locales","tag-san-pedro"],"aioseo_notices":[],"gutentor_comment":0,"jetpack_featured_media_url":"https:\/\/eldiariodesanpedro.com.ar\/sitio\/wp-content\/uploads\/2020\/07\/000085185.jpg","jetpack_shortlink":"https:\/\/wp.me\/p6RhLt-k6G","jetpack_sharing_enabled":true,"_links":{"self":[{"href":"https:\/\/eldiariodesanpedro.com.ar\/sitio\/wp-json\/wp\/v2\/posts\/77294","targetHints":{"allow":["GET"]}}],"collection":[{"href":"https:\/\/eldiariodesanpedro.com.ar\/sitio\/wp-json\/wp\/v2\/posts"}],"about":[{"href":"https:\/\/eldiariodesanpedro.com.ar\/sitio\/wp-json\/wp\/v2\/types\/post"}],"author":[{"embeddable":true,"href":"https:\/\/eldiariodesanpedro.com.ar\/sitio\/wp-json\/wp\/v2\/users\/4"}],"replies":[{"embeddable":true,"href":"https:\/\/eldiariodesanpedro.com.ar\/sitio\/wp-json\/wp\/v2\/comments?post=77294"}],"version-history":[{"count":1,"href":"https:\/\/eldiariodesanpedro.com.ar\/sitio\/wp-json\/wp\/v2\/posts\/77294\/revisions"}],"predecessor-version":[{"id":77296,"href":"https:\/\/eldiariodesanpedro.com.ar\/sitio\/wp-json\/wp\/v2\/posts\/77294\/revisions\/77296"}],"wp:featuredmedia":[{"embeddable":true,"href":"https:\/\/eldiariodesanpedro.com.ar\/sitio\/wp-json\/wp\/v2\/media\/77295"}],"wp:attachment":[{"href":"https:\/\/eldiariodesanpedro.com.ar\/sitio\/wp-json\/wp\/v2\/media?parent=77294"}],"wp:term":[{"taxonomy":"category","embeddable":true,"href":"https:\/\/eldiariodesanpedro.com.ar\/sitio\/wp-json\/wp\/v2\/categories?post=77294"},{"taxonomy":"post_tag","embeddable":true,"href":"https:\/\/eldiariodesanpedro.com.ar\/sitio\/wp-json\/wp\/v2\/tags?post=77294"}],"curies":[{"name":"wp","href":"https:\/\/api.w.org\/{rel}","templated":true}]}}