{"id":77291,"date":"2020-07-04T11:37:16","date_gmt":"2020-07-04T14:37:16","guid":{"rendered":"https:\/\/eldiariodesanpedro.com.ar\/sitio\/?p=77291"},"modified":"2020-07-04T11:37:20","modified_gmt":"2020-07-04T14:37:20","slug":"provincia-estudia-la-vuelta-a-clases-pero-primero-habra-consultas","status":"publish","type":"post","link":"https:\/\/eldiariodesanpedro.com.ar\/sitio\/provincia-estudia-la-vuelta-a-clases-pero-primero-habra-consultas\/","title":{"rendered":"Provincia estudia la vuelta a clases pero primero habr\u00e1 consultas"},"content":{"rendered":"<!-- VideographyWP Plugin Message: Automatic video embedding prevented by plugin options. -->\n\n<p>La vuelta a clases ser\u00eda para despu\u00e9s de las vacaciones de invierno y en distritos en Fase 5. Se usar\u00e1 como base el protocolo nacional, pero se buscar\u00e1 consenso con gremios, municipios y padres.<\/p>\n\n\n\n<p>El\u00a0Ministerio de Educaci\u00f3n de la Provincia de Buenos Aires\u00a0trabaja por estas horas\u00a0en un protocolo para la vuelta a clases para luego de las vacaciones de invierno. Ser\u00eda aplicable para los distritos que est\u00e1n en Fase 5, todos ubicados en el interior y que actualmente son 71.<\/p>\n\n\n\n<p>En rigor, lo que se estudia es una adaptaci\u00f3n a la realidad bonaerense del protocolo que aprob\u00f3 ayer el Consejo Federal de Educaci\u00f3n para todo el pa\u00eds.<\/p>\n\n\n\n<p>Este documento marca normas de actividad que tienen que ver con el cuidado individual (barbijo, lavados de manos, etc\u00e9tera) y colectivo (circulaci\u00f3n, ventilaci\u00f3n y ocupaci\u00f3n de espacios).<\/p>\n\n\n\n<p>Seg\u00fan el primer recuento oficial, estar\u00edan en condiciones de retomar las clases unas 4 mil escuelas. Significa, aproximadamente, entre el 11 y 13%. De este universo, 3.500 son p\u00fablicas y 500 privadas<\/p>\n\n\n\n<p>No obstante, el regreso a las aulas estar\u00e1 relacionado con la situaci\u00f3n epidemiol\u00f3gica de cada distrito al 2 de agosto (las vacaciones son del 20 al 31 de julio), a las condiciones edilicias de cada escuela y al acuerdo institucional, principalmente con los gremios.<\/p>\n\n\n\n<p>La asistencia alternada es, con este panorama, una posibilidad concreta, ya que en un sal\u00f3n \u201cnormal\u201d no podr\u00eda haber m\u00e1s de 15 alumnos para respetar del distanciamiento de un metro y medio o dos.<\/p>\n\n\n\n<p>El Ministerio diagram\u00f3 25 mesas educativas regionales, donde participar\u00e1n representantes de los municipios, integrantes de los consejos escolares, inspectores, sindicatos, especialistas e incluso familias.<\/p>\n\n\n\n<p>Con este panorama, los estudiantes del Conurbano deber\u00e1n esperar. Hoy, con el AMBA en Fase 1, la posibilidad de tener maestros en modo presencial es casi una utop\u00eda.<\/p>\n\n\n\n<p>La titular de la cartera educativa, Agustina Vila, recibi\u00f3 esta semana a representantes del Frente de Unidad Docente Bonaerense, que nuclea a las organizaciones mayoritarias del sector. En ese encuentro, se meti\u00f3 la tem\u00e1tica salarial: los educadores quieren discutir una actualizaci\u00f3n de haberes de cara al segundo semestre.<\/p>\n\n\n\n<p>Fuente: Infocielo<\/p>\n","protected":false},"excerpt":{"rendered":"<p>La vuelta a clases ser\u00eda para despu\u00e9s de las vacaciones de invierno y en distritos en Fase 5. Se usar\u00e1 como base el protocolo nacional, pero se buscar\u00e1 consenso con gremios, municipios y padres. El\u00a0Ministerio de Educaci\u00f3n de la Provincia de Buenos Aires\u00a0trabaja por estas horas\u00a0en un protocolo para la vuelta a clases para luego [&hellip;]<\/p>\n","protected":false},"author":4,"featured_media":77292,"comment_status":"open","ping_status":"closed","sticky":false,"template":"","format":"standard","meta":{"om_disable_all_campaigns":false,"_jetpack_memberships_contains_paid_content":false,"footnotes":""},"categories":[621],"tags":[197,173,1501,329,681],"class_list":["post-77291","post","type-post","status-publish","format-standard","has-post-thumbnail","hentry","category-regionales","tag-buenos-aires","tag-clases","tag-educacion","tag-provincia","tag-regionales"],"aioseo_notices":[],"gutentor_comment":0,"jetpack_featured_media_url":"https:\/\/eldiariodesanpedro.com.ar\/sitio\/wp-content\/uploads\/2020\/07\/000085201-1.jpg","jetpack_shortlink":"https:\/\/wp.me\/p6RhLt-k6D","jetpack_sharing_enabled":true,"_links":{"self":[{"href":"https:\/\/eldiariodesanpedro.com.ar\/sitio\/wp-json\/wp\/v2\/posts\/77291","targetHints":{"allow":["GET"]}}],"collection":[{"href":"https:\/\/eldiariodesanpedro.com.ar\/sitio\/wp-json\/wp\/v2\/posts"}],"about":[{"href":"https:\/\/eldiariodesanpedro.com.ar\/sitio\/wp-json\/wp\/v2\/types\/post"}],"author":[{"embeddable":true,"href":"https:\/\/eldiariodesanpedro.com.ar\/sitio\/wp-json\/wp\/v2\/users\/4"}],"replies":[{"embeddable":true,"href":"https:\/\/eldiariodesanpedro.com.ar\/sitio\/wp-json\/wp\/v2\/comments?post=77291"}],"version-history":[{"count":1,"href":"https:\/\/eldiariodesanpedro.com.ar\/sitio\/wp-json\/wp\/v2\/posts\/77291\/revisions"}],"predecessor-version":[{"id":77293,"href":"https:\/\/eldiariodesanpedro.com.ar\/sitio\/wp-json\/wp\/v2\/posts\/77291\/revisions\/77293"}],"wp:featuredmedia":[{"embeddable":true,"href":"https:\/\/eldiariodesanpedro.com.ar\/sitio\/wp-json\/wp\/v2\/media\/77292"}],"wp:attachment":[{"href":"https:\/\/eldiariodesanpedro.com.ar\/sitio\/wp-json\/wp\/v2\/media?parent=77291"}],"wp:term":[{"taxonomy":"category","embeddable":true,"href":"https:\/\/eldiariodesanpedro.com.ar\/sitio\/wp-json\/wp\/v2\/categories?post=77291"},{"taxonomy":"post_tag","embeddable":true,"href":"https:\/\/eldiariodesanpedro.com.ar\/sitio\/wp-json\/wp\/v2\/tags?post=77291"}],"curies":[{"name":"wp","href":"https:\/\/api.w.org\/{rel}","templated":true}]}}