{"id":77260,"date":"2020-07-03T19:30:40","date_gmt":"2020-07-03T22:30:40","guid":{"rendered":"https:\/\/eldiariodesanpedro.com.ar\/sitio\/?p=77260"},"modified":"2020-07-03T19:30:44","modified_gmt":"2020-07-03T22:30:44","slug":"san-nicolas-gran-estafa-mediante-el-cuento-del-tio","status":"publish","type":"post","link":"https:\/\/eldiariodesanpedro.com.ar\/sitio\/san-nicolas-gran-estafa-mediante-el-cuento-del-tio\/","title":{"rendered":"SAN NICOL\u00c1S | Gran estafa mediante el cuento del t\u00edo"},"content":{"rendered":"<!-- VideographyWP Plugin Message: Automatic video embedding prevented by plugin options. -->\n\n<p>Una mujer de 80 a\u00f1os fue v\u00edctima de una estafa mediante el cuento del t\u00edo.<\/p>\n\n\n\n<p>Esta persona recibi\u00f3 un llamado en horas del mediod\u00eda del jueves al tel\u00e9fono fijo de su casa. La voz del otro lado del tel\u00e9fono se hizo pasar por su nieto, manifest\u00e1ndole que en unos minutos, otra persona pasar\u00eda por su domicilio a retirar el dinero que ten\u00eda en la casa, ya que deb\u00eda cambiarlo porque perder\u00eda valor.<\/p>\n\n\n\n<p>Efectivamente, luego de cortar con el estafador, otro hombre se hace presente para retirar la plata.<\/p>\n\n\n\n<p>Cuando el sujeto lleg\u00f3, la v\u00edctima no hab\u00eda podido abrir la caja fuerte, por lo que invita a este desconocido a ingresar a su vivienda, para que la ayudara a sacar sus objetos de valor.<\/p>\n\n\n\n<p>El ladr\u00f3n se llev\u00f3 una pulsera de oro, 18.000 d\u00f3lares y 248.550 pesos.<\/p>\n\n\n\n<p>Se investiga el hecho a los fines de dar con los responsables del robo.<\/p>\n\n\n\n<p>Fuente: <a href=\"http:\/\/www.diarioelinformante.com.ar\/nota-58033_gran-estafa-mediante-el-cuento-del-to\">Diario EL Informante<\/a><\/p>\n","protected":false},"excerpt":{"rendered":"<p>Una mujer de 80 a\u00f1os fue v\u00edctima de una estafa mediante el cuento del t\u00edo. Esta persona recibi\u00f3 un llamado en horas del mediod\u00eda del jueves al tel\u00e9fono fijo de su casa. La voz del otro lado del tel\u00e9fono se hizo pasar por su nieto, manifest\u00e1ndole que en unos minutos, otra persona pasar\u00eda por su [&hellip;]<\/p>\n","protected":false},"author":4,"featured_media":77261,"comment_status":"open","ping_status":"closed","sticky":false,"template":"","format":"standard","meta":{"om_disable_all_campaigns":false,"_jetpack_memberships_contains_paid_content":false,"footnotes":""},"categories":[621],"tags":[197,936,95,681,714],"class_list":["post-77260","post","type-post","status-publish","format-standard","has-post-thumbnail","hentry","category-regionales","tag-buenos-aires","tag-estafa","tag-policiales","tag-regionales","tag-san-nicolas"],"aioseo_notices":[],"gutentor_comment":0,"jetpack_featured_media_url":"https:\/\/eldiariodesanpedro.com.ar\/sitio\/wp-content\/uploads\/2020\/07\/no_wigc8iyhmb53qeqno_8loch54w62i9qycabuela.jpg","jetpack_shortlink":"https:\/\/wp.me\/p6RhLt-k68","jetpack_sharing_enabled":true,"_links":{"self":[{"href":"https:\/\/eldiariodesanpedro.com.ar\/sitio\/wp-json\/wp\/v2\/posts\/77260","targetHints":{"allow":["GET"]}}],"collection":[{"href":"https:\/\/eldiariodesanpedro.com.ar\/sitio\/wp-json\/wp\/v2\/posts"}],"about":[{"href":"https:\/\/eldiariodesanpedro.com.ar\/sitio\/wp-json\/wp\/v2\/types\/post"}],"author":[{"embeddable":true,"href":"https:\/\/eldiariodesanpedro.com.ar\/sitio\/wp-json\/wp\/v2\/users\/4"}],"replies":[{"embeddable":true,"href":"https:\/\/eldiariodesanpedro.com.ar\/sitio\/wp-json\/wp\/v2\/comments?post=77260"}],"version-history":[{"count":1,"href":"https:\/\/eldiariodesanpedro.com.ar\/sitio\/wp-json\/wp\/v2\/posts\/77260\/revisions"}],"predecessor-version":[{"id":77262,"href":"https:\/\/eldiariodesanpedro.com.ar\/sitio\/wp-json\/wp\/v2\/posts\/77260\/revisions\/77262"}],"wp:featuredmedia":[{"embeddable":true,"href":"https:\/\/eldiariodesanpedro.com.ar\/sitio\/wp-json\/wp\/v2\/media\/77261"}],"wp:attachment":[{"href":"https:\/\/eldiariodesanpedro.com.ar\/sitio\/wp-json\/wp\/v2\/media?parent=77260"}],"wp:term":[{"taxonomy":"category","embeddable":true,"href":"https:\/\/eldiariodesanpedro.com.ar\/sitio\/wp-json\/wp\/v2\/categories?post=77260"},{"taxonomy":"post_tag","embeddable":true,"href":"https:\/\/eldiariodesanpedro.com.ar\/sitio\/wp-json\/wp\/v2\/tags?post=77260"}],"curies":[{"name":"wp","href":"https:\/\/api.w.org\/{rel}","templated":true}]}}