{"id":77239,"date":"2020-07-03T16:11:15","date_gmt":"2020-07-03T19:11:15","guid":{"rendered":"https:\/\/eldiariodesanpedro.com.ar\/sitio\/?p=77239"},"modified":"2020-07-03T16:11:19","modified_gmt":"2020-07-03T19:11:19","slug":"vuelven-los-colectivos-uta-levanto-el-paro","status":"publish","type":"post","link":"https:\/\/eldiariodesanpedro.com.ar\/sitio\/vuelven-los-colectivos-uta-levanto-el-paro\/","title":{"rendered":"Vuelven los colectivos: UTA levant\u00f3 el paro"},"content":{"rendered":"<!-- VideographyWP Plugin Message: Automatic video embedding prevented by plugin options. -->\n\n<p>Desde la Uni\u00f3n Tranviarios Automotor informaron que se levant\u00f3 la medida de fuerza este viernes a las 14hs.<\/p>\n\n\n\n<p>La provincia de Buenos Aires se comprometi\u00f3 a girar los fondos adeudados a las empresas, por lo que los trabajadores recibir\u00edan sus haberes atrasados.<\/p>\n","protected":false},"excerpt":{"rendered":"<p>Desde la Uni\u00f3n Tranviarios Automotor informaron que se levant\u00f3 la medida de fuerza este viernes a las 14hs. La provincia de Buenos Aires se comprometi\u00f3 a girar los fondos adeudados a las empresas, por lo que los trabajadores recibir\u00edan sus haberes atrasados.<\/p>\n","protected":false},"author":4,"featured_media":73565,"comment_status":"open","ping_status":"closed","sticky":false,"template":"","format":"standard","meta":{"om_disable_all_campaigns":false,"_jetpack_memberships_contains_paid_content":false,"footnotes":""},"categories":[50,101,2],"tags":[197,1100,33,720,19],"class_list":["post-77239","post","type-post","status-publish","format-standard","has-post-thumbnail","hentry","category-destacadas","category-interes-general-locales","category-locales","tag-buenos-aires","tag-colectivos","tag-locales","tag-paro","tag-san-pedro"],"aioseo_notices":[],"gutentor_comment":0,"jetpack_featured_media_url":"https:\/\/eldiariodesanpedro.com.ar\/sitio\/wp-content\/uploads\/2020\/05\/no_gt06u2ktwy2wmz1no_4qprtm328232cco20200509_094149_0000.png","jetpack_shortlink":"https:\/\/wp.me\/p6RhLt-k5N","jetpack_sharing_enabled":true,"_links":{"self":[{"href":"https:\/\/eldiariodesanpedro.com.ar\/sitio\/wp-json\/wp\/v2\/posts\/77239","targetHints":{"allow":["GET"]}}],"collection":[{"href":"https:\/\/eldiariodesanpedro.com.ar\/sitio\/wp-json\/wp\/v2\/posts"}],"about":[{"href":"https:\/\/eldiariodesanpedro.com.ar\/sitio\/wp-json\/wp\/v2\/types\/post"}],"author":[{"embeddable":true,"href":"https:\/\/eldiariodesanpedro.com.ar\/sitio\/wp-json\/wp\/v2\/users\/4"}],"replies":[{"embeddable":true,"href":"https:\/\/eldiariodesanpedro.com.ar\/sitio\/wp-json\/wp\/v2\/comments?post=77239"}],"version-history":[{"count":1,"href":"https:\/\/eldiariodesanpedro.com.ar\/sitio\/wp-json\/wp\/v2\/posts\/77239\/revisions"}],"predecessor-version":[{"id":77240,"href":"https:\/\/eldiariodesanpedro.com.ar\/sitio\/wp-json\/wp\/v2\/posts\/77239\/revisions\/77240"}],"wp:featuredmedia":[{"embeddable":true,"href":"https:\/\/eldiariodesanpedro.com.ar\/sitio\/wp-json\/wp\/v2\/media\/73565"}],"wp:attachment":[{"href":"https:\/\/eldiariodesanpedro.com.ar\/sitio\/wp-json\/wp\/v2\/media?parent=77239"}],"wp:term":[{"taxonomy":"category","embeddable":true,"href":"https:\/\/eldiariodesanpedro.com.ar\/sitio\/wp-json\/wp\/v2\/categories?post=77239"},{"taxonomy":"post_tag","embeddable":true,"href":"https:\/\/eldiariodesanpedro.com.ar\/sitio\/wp-json\/wp\/v2\/tags?post=77239"}],"curies":[{"name":"wp","href":"https:\/\/api.w.org\/{rel}","templated":true}]}}