{"id":77236,"date":"2020-07-03T13:21:16","date_gmt":"2020-07-03T16:21:16","guid":{"rendered":"https:\/\/eldiariodesanpedro.com.ar\/sitio\/?p=77236"},"modified":"2020-07-03T13:21:20","modified_gmt":"2020-07-03T16:21:20","slug":"baradero-la-policia-infracciono-a-dos-mujeres-cuando-se-realizaban-manicuria-en-una-vivienda","status":"publish","type":"post","link":"https:\/\/eldiariodesanpedro.com.ar\/sitio\/baradero-la-policia-infracciono-a-dos-mujeres-cuando-se-realizaban-manicuria-en-una-vivienda\/","title":{"rendered":"BARADERO | La Polic\u00eda infraccion\u00f3 a dos mujeres cuando se realizaban manicur\u00eda en una vivienda"},"content":{"rendered":"<!-- VideographyWP Plugin Message: Automatic video embedding prevented by plugin options. -->\n\n<p>Lo confirm\u00f3 por Tu Radio el Subsecretario de Seguridad, Sergio Lucero. El personal policial arrib\u00f3 ayer en horas de la ma\u00f1ana en una vivienda de calle Godoy Cruz.<\/p>\n\n\n\n<p>Constataron que \u201chab\u00eda una persona en un servicio de pedicura que funcionaba en la vivienda donde reside un aislado por ser contacto estrecho de un caso positivo\u201d.<\/p>\n\n\n\n<p>\u201cEn el domicilio hab\u00eda una persona aislada y la l\u00ednea Covid recibe llamados de vecinos que denunciaban que ingresaban personas\u201d, explic\u00f3 el responsable de seguridad local.<\/p>\n\n\n\n<p>Adem\u00e1s, Lucero explic\u00f3 que \u201cpor estar en Fase 3 este tipo de servicios no tienen permiso para funcionar\u201d.<\/p>\n\n\n\n<p>Tras el procedimiento, las personas fueron infraccionadas.<\/p>\n\n\n\n<p>Laura Lenguitti la mujer explic\u00f3 por Tu Radio que \u201csu gabinete est\u00e1 en el fondo de la casa y que sus clientes no toman contacto con el aislado para asistir\u201d.<\/p>\n\n\n\n<p>Aclar\u00f3 que \u201csu marido est\u00e1 en esta condici\u00f3n de aislamiento dado a que un compa\u00f1ero de Toyota le dio positivo de coronavirus\u201d. \u201c\u00c9l nunca tuvo s\u00edntomas, y su aislamiento es preventivo\u201d, recalc\u00f3.<\/p>\n\n\n\n<p>Se mostr\u00f3 molesta con el accionar policial y expuso que \u201cle hicieron firmar una documentaci\u00f3n que a posterior descubri\u00f3 se trataba de una causa judicial\u201d.<\/p>\n\n\n\n<p>Fuente: <a href=\"https:\/\/tulineadirecta.com\/la-policia-infracciono-a-dos-mujeres-cuando-se-realizaban-manicuria-en-una-vivienda\/\">Tu Linea Directa<\/a><\/p>\n","protected":false},"excerpt":{"rendered":"<p>Lo confirm\u00f3 por Tu Radio el Subsecretario de Seguridad, Sergio Lucero. El personal policial arrib\u00f3 ayer en horas de la ma\u00f1ana en una vivienda de calle Godoy Cruz. Constataron que \u201chab\u00eda una persona en un servicio de pedicura que funcionaba en la vivienda donde reside un aislado por ser contacto estrecho de un caso positivo\u201d. [&hellip;]<\/p>\n","protected":false},"author":4,"featured_media":77237,"comment_status":"open","ping_status":"closed","sticky":false,"template":"","format":"standard","meta":{"om_disable_all_campaigns":false,"_jetpack_memberships_contains_paid_content":false,"footnotes":""},"categories":[621],"tags":[139,197,1666,696,681],"class_list":["post-77236","post","type-post","status-publish","format-standard","has-post-thumbnail","hentry","category-regionales","tag-baradero","tag-buenos-aires","tag-infraccion","tag-interes-general","tag-regionales"],"aioseo_notices":[],"gutentor_comment":0,"jetpack_featured_media_url":"https:\/\/eldiariodesanpedro.com.ar\/sitio\/wp-content\/uploads\/2020\/07\/Consecuencias-de-la-manicura-permanente-para-tus-unas.jpg","jetpack_shortlink":"https:\/\/wp.me\/p6RhLt-k5K","jetpack_sharing_enabled":true,"_links":{"self":[{"href":"https:\/\/eldiariodesanpedro.com.ar\/sitio\/wp-json\/wp\/v2\/posts\/77236","targetHints":{"allow":["GET"]}}],"collection":[{"href":"https:\/\/eldiariodesanpedro.com.ar\/sitio\/wp-json\/wp\/v2\/posts"}],"about":[{"href":"https:\/\/eldiariodesanpedro.com.ar\/sitio\/wp-json\/wp\/v2\/types\/post"}],"author":[{"embeddable":true,"href":"https:\/\/eldiariodesanpedro.com.ar\/sitio\/wp-json\/wp\/v2\/users\/4"}],"replies":[{"embeddable":true,"href":"https:\/\/eldiariodesanpedro.com.ar\/sitio\/wp-json\/wp\/v2\/comments?post=77236"}],"version-history":[{"count":1,"href":"https:\/\/eldiariodesanpedro.com.ar\/sitio\/wp-json\/wp\/v2\/posts\/77236\/revisions"}],"predecessor-version":[{"id":77238,"href":"https:\/\/eldiariodesanpedro.com.ar\/sitio\/wp-json\/wp\/v2\/posts\/77236\/revisions\/77238"}],"wp:featuredmedia":[{"embeddable":true,"href":"https:\/\/eldiariodesanpedro.com.ar\/sitio\/wp-json\/wp\/v2\/media\/77237"}],"wp:attachment":[{"href":"https:\/\/eldiariodesanpedro.com.ar\/sitio\/wp-json\/wp\/v2\/media?parent=77236"}],"wp:term":[{"taxonomy":"category","embeddable":true,"href":"https:\/\/eldiariodesanpedro.com.ar\/sitio\/wp-json\/wp\/v2\/categories?post=77236"},{"taxonomy":"post_tag","embeddable":true,"href":"https:\/\/eldiariodesanpedro.com.ar\/sitio\/wp-json\/wp\/v2\/tags?post=77236"}],"curies":[{"name":"wp","href":"https:\/\/api.w.org\/{rel}","templated":true}]}}