{"id":77233,"date":"2020-07-03T13:10:49","date_gmt":"2020-07-03T16:10:49","guid":{"rendered":"https:\/\/eldiariodesanpedro.com.ar\/sitio\/?p=77233"},"modified":"2020-07-03T13:10:50","modified_gmt":"2020-07-03T16:10:50","slug":"baradero-el-subsecretario-de-salud-de-baradero-dio-positivo-de-coronavirus","status":"publish","type":"post","link":"https:\/\/eldiariodesanpedro.com.ar\/sitio\/baradero-el-subsecretario-de-salud-de-baradero-dio-positivo-de-coronavirus\/","title":{"rendered":"BARADERO | El Subsecretario de Salud de Baradero dio positivo de Coronavirus"},"content":{"rendered":"<!-- VideographyWP Plugin Message: Automatic video embedding prevented by plugin options. -->\n\n<p>El caso fue contabilizado en la localidad de Rosario donde reside el Dr. Carlos Baliela. El mismo se practic\u00f3 un hisopado ayer por la ma\u00f1ana y alrededor de las 21 horas se confirm\u00f3 que hab\u00eda dado positivo. Algunos funcionarios est\u00e1n en aislamiento preventivo. Es el segundo caso de coronavirus en el gabinete municipal.<\/p>\n\n\n\n<p>Carlos Baliela, dio positivo de covid-19; aunque no es contabilizado como caso local por estar radicado en Rosario.<\/p>\n\n\n\n<p>En el informe diario del municipio confirmaron la noticia. Seg\u00fan se supo, ya comenzaron a trabajar sobre los contactos estrechos que mantuvo el profesional.<\/p>\n\n\n\n<p>Hasta el momento dos integrantes del equipo de salud est\u00e1n aislados de manera preventiva.<\/p>\n\n\n\n<p>Fuente: <a href=\"https:\/\/tulineadirecta.com\/el-subsecretario-de-salud-de-baradero-dio-positivo-de-coronavirus\/\">Tu Linea Directa<\/a><\/p>\n","protected":false},"excerpt":{"rendered":"<p>El caso fue contabilizado en la localidad de Rosario donde reside el Dr. Carlos Baliela. El mismo se practic\u00f3 un hisopado ayer por la ma\u00f1ana y alrededor de las 21 horas se confirm\u00f3 que hab\u00eda dado positivo. Algunos funcionarios est\u00e1n en aislamiento preventivo. Es el segundo caso de coronavirus en el gabinete municipal. Carlos Baliela, [&hellip;]<\/p>\n","protected":false},"author":4,"featured_media":77234,"comment_status":"open","ping_status":"closed","sticky":false,"template":"","format":"standard","meta":{"om_disable_all_campaigns":false,"_jetpack_memberships_contains_paid_content":false,"footnotes":""},"categories":[621],"tags":[139,197,808,681],"class_list":["post-77233","post","type-post","status-publish","format-standard","has-post-thumbnail","hentry","category-regionales","tag-baradero","tag-buenos-aires","tag-coronavirus","tag-regionales"],"aioseo_notices":[],"gutentor_comment":0,"jetpack_featured_media_url":"https:\/\/eldiariodesanpedro.com.ar\/sitio\/wp-content\/uploads\/2020\/07\/104180827_2347696132206817_6938809607580644139_n.jpg","jetpack_shortlink":"https:\/\/wp.me\/p6RhLt-k5H","jetpack_sharing_enabled":true,"_links":{"self":[{"href":"https:\/\/eldiariodesanpedro.com.ar\/sitio\/wp-json\/wp\/v2\/posts\/77233","targetHints":{"allow":["GET"]}}],"collection":[{"href":"https:\/\/eldiariodesanpedro.com.ar\/sitio\/wp-json\/wp\/v2\/posts"}],"about":[{"href":"https:\/\/eldiariodesanpedro.com.ar\/sitio\/wp-json\/wp\/v2\/types\/post"}],"author":[{"embeddable":true,"href":"https:\/\/eldiariodesanpedro.com.ar\/sitio\/wp-json\/wp\/v2\/users\/4"}],"replies":[{"embeddable":true,"href":"https:\/\/eldiariodesanpedro.com.ar\/sitio\/wp-json\/wp\/v2\/comments?post=77233"}],"version-history":[{"count":1,"href":"https:\/\/eldiariodesanpedro.com.ar\/sitio\/wp-json\/wp\/v2\/posts\/77233\/revisions"}],"predecessor-version":[{"id":77235,"href":"https:\/\/eldiariodesanpedro.com.ar\/sitio\/wp-json\/wp\/v2\/posts\/77233\/revisions\/77235"}],"wp:featuredmedia":[{"embeddable":true,"href":"https:\/\/eldiariodesanpedro.com.ar\/sitio\/wp-json\/wp\/v2\/media\/77234"}],"wp:attachment":[{"href":"https:\/\/eldiariodesanpedro.com.ar\/sitio\/wp-json\/wp\/v2\/media?parent=77233"}],"wp:term":[{"taxonomy":"category","embeddable":true,"href":"https:\/\/eldiariodesanpedro.com.ar\/sitio\/wp-json\/wp\/v2\/categories?post=77233"},{"taxonomy":"post_tag","embeddable":true,"href":"https:\/\/eldiariodesanpedro.com.ar\/sitio\/wp-json\/wp\/v2\/tags?post=77233"}],"curies":[{"name":"wp","href":"https:\/\/api.w.org\/{rel}","templated":true}]}}