{"id":77228,"date":"2020-07-03T12:32:01","date_gmt":"2020-07-03T15:32:01","guid":{"rendered":"https:\/\/eldiariodesanpedro.com.ar\/sitio\/?p=77228"},"modified":"2020-07-03T12:32:05","modified_gmt":"2020-07-03T15:32:05","slug":"una-sorpresa-de-la-policia-para-simon","status":"publish","type":"post","link":"https:\/\/eldiariodesanpedro.com.ar\/sitio\/una-sorpresa-de-la-policia-para-simon\/","title":{"rendered":"Una sorpresa de la polic\u00eda para Sim\u00f3n"},"content":{"rendered":"<!-- VideographyWP Plugin Message: Automatic video embedding prevented by plugin options. -->\n\n<p>Otro ni\u00f1o feliz, gracias a la colaboraci\u00f3n de la polic\u00eda de nuestra ciudad que se hizo presente para su cumplea\u00f1os.<\/p>\n\n\n\n<p>Este jueves fue el cumplea\u00f1os de Sim\u00f3n que tan solo cumpli\u00f3 4 a\u00f1itos, su abuelo es un efectivo retirado de la fuerza por lo que tenia el anhelo de conocer a los uniformados.<\/p>\n\n\n\n<p>La complicidad de los efectivos de la brigada motorizada se hicieron presentes en el domicilio del ni\u00f1o en calle Honorio Pueyrredon al 1500 para darle una grata sorpresa.<\/p>\n\n\n\n<p>Como siempre se agradece por parte de la familia a la polic\u00eda de nuestra ciudad por la colaboraci\u00f3n y la pre disposici\u00f3n para una acci\u00f3n tan simple que hace feliz a un ni\u00f1o.   <\/p>\n\n\n\n<figure class=\"wp-block-image size-large\"><img decoding=\"async\" width=\"473\" height=\"1024\" data-attachment-id=\"77230\" data-permalink=\"https:\/\/eldiariodesanpedro.com.ar\/sitio\/una-sorpresa-de-la-policia-para-simon\/whatsapp-image-2020-07-03-at-09-24-52\/\" data-orig-file=\"https:\/\/eldiariodesanpedro.com.ar\/sitio\/wp-content\/uploads\/2020\/07\/WhatsApp-Image-2020-07-03-at-09.24.52.jpeg\" data-orig-size=\"591,1280\" data-comments-opened=\"1\" data-image-meta=\"{&quot;aperture&quot;:&quot;0&quot;,&quot;credit&quot;:&quot;&quot;,&quot;camera&quot;:&quot;&quot;,&quot;caption&quot;:&quot;&quot;,&quot;created_timestamp&quot;:&quot;0&quot;,&quot;copyright&quot;:&quot;&quot;,&quot;focal_length&quot;:&quot;0&quot;,&quot;iso&quot;:&quot;0&quot;,&quot;shutter_speed&quot;:&quot;0&quot;,&quot;title&quot;:&quot;&quot;,&quot;orientation&quot;:&quot;0&quot;}\" data-image-title=\"WhatsApp Image 2020-07-03 at 09.24.52\" data-image-description=\"\" data-image-caption=\"\" data-large-file=\"https:\/\/eldiariodesanpedro.com.ar\/sitio\/wp-content\/uploads\/2020\/07\/WhatsApp-Image-2020-07-03-at-09.24.52-473x1024.jpeg\" data-src=\"https:\/\/eldiariodesanpedro.com.ar\/sitio\/wp-content\/uploads\/2020\/07\/WhatsApp-Image-2020-07-03-at-09.24.52-473x1024.jpeg\" alt=\"\" class=\"wp-image-77230 lazyload\" data-srcset=\"https:\/\/eldiariodesanpedro.com.ar\/sitio\/wp-content\/uploads\/2020\/07\/WhatsApp-Image-2020-07-03-at-09.24.52-473x1024.jpeg 473w, https:\/\/eldiariodesanpedro.com.ar\/sitio\/wp-content\/uploads\/2020\/07\/WhatsApp-Image-2020-07-03-at-09.24.52-139x300.jpeg 139w, https:\/\/eldiariodesanpedro.com.ar\/sitio\/wp-content\/uploads\/2020\/07\/WhatsApp-Image-2020-07-03-at-09.24.52.jpeg 591w\" data-sizes=\"(max-width: 473px) 100vw, 473px\" src=\"data:image\/svg+xml;base64,PHN2ZyB3aWR0aD0iMSIgaGVpZ2h0PSIxIiB4bWxucz0iaHR0cDovL3d3dy53My5vcmcvMjAwMC9zdmciPjwvc3ZnPg==\" style=\"--smush-placeholder-width: 473px; --smush-placeholder-aspect-ratio: 473\/1024;\" \/><\/figure>\n","protected":false},"excerpt":{"rendered":"<p>Otro ni\u00f1o feliz, gracias a la colaboraci\u00f3n de la polic\u00eda de nuestra ciudad que se hizo presente para su cumplea\u00f1os. Este jueves fue el cumplea\u00f1os de Sim\u00f3n que tan solo cumpli\u00f3 4 a\u00f1itos, su abuelo es un efectivo retirado de la fuerza por lo que tenia el anhelo de conocer a los uniformados. La complicidad [&hellip;]<\/p>\n","protected":false},"author":4,"featured_media":77229,"comment_status":"open","ping_status":"closed","sticky":false,"template":"","format":"standard","meta":{"om_disable_all_campaigns":false,"_jetpack_memberships_contains_paid_content":false,"footnotes":""},"categories":[101,2],"tags":[33],"class_list":["post-77228","post","type-post","status-publish","format-standard","has-post-thumbnail","hentry","category-interes-general-locales","category-locales","tag-locales"],"aioseo_notices":[],"gutentor_comment":0,"jetpack_featured_media_url":"https:\/\/eldiariodesanpedro.com.ar\/sitio\/wp-content\/uploads\/2020\/07\/Sin-t\u00edtulo-1-3.png","jetpack_shortlink":"https:\/\/wp.me\/p6RhLt-k5C","jetpack_sharing_enabled":true,"_links":{"self":[{"href":"https:\/\/eldiariodesanpedro.com.ar\/sitio\/wp-json\/wp\/v2\/posts\/77228","targetHints":{"allow":["GET"]}}],"collection":[{"href":"https:\/\/eldiariodesanpedro.com.ar\/sitio\/wp-json\/wp\/v2\/posts"}],"about":[{"href":"https:\/\/eldiariodesanpedro.com.ar\/sitio\/wp-json\/wp\/v2\/types\/post"}],"author":[{"embeddable":true,"href":"https:\/\/eldiariodesanpedro.com.ar\/sitio\/wp-json\/wp\/v2\/users\/4"}],"replies":[{"embeddable":true,"href":"https:\/\/eldiariodesanpedro.com.ar\/sitio\/wp-json\/wp\/v2\/comments?post=77228"}],"version-history":[{"count":1,"href":"https:\/\/eldiariodesanpedro.com.ar\/sitio\/wp-json\/wp\/v2\/posts\/77228\/revisions"}],"predecessor-version":[{"id":77232,"href":"https:\/\/eldiariodesanpedro.com.ar\/sitio\/wp-json\/wp\/v2\/posts\/77228\/revisions\/77232"}],"wp:featuredmedia":[{"embeddable":true,"href":"https:\/\/eldiariodesanpedro.com.ar\/sitio\/wp-json\/wp\/v2\/media\/77229"}],"wp:attachment":[{"href":"https:\/\/eldiariodesanpedro.com.ar\/sitio\/wp-json\/wp\/v2\/media?parent=77228"}],"wp:term":[{"taxonomy":"category","embeddable":true,"href":"https:\/\/eldiariodesanpedro.com.ar\/sitio\/wp-json\/wp\/v2\/categories?post=77228"},{"taxonomy":"post_tag","embeddable":true,"href":"https:\/\/eldiariodesanpedro.com.ar\/sitio\/wp-json\/wp\/v2\/tags?post=77228"}],"curies":[{"name":"wp","href":"https:\/\/api.w.org\/{rel}","templated":true}]}}