{"id":77152,"date":"2020-07-02T17:41:40","date_gmt":"2020-07-02T20:41:40","guid":{"rendered":"https:\/\/eldiariodesanpedro.com.ar\/sitio\/?p=77152"},"modified":"2020-07-02T17:41:43","modified_gmt":"2020-07-02T20:41:43","slug":"nuevo-caso-positivo-en-un-trabajador-de-toyota","status":"publish","type":"post","link":"https:\/\/eldiariodesanpedro.com.ar\/sitio\/nuevo-caso-positivo-en-un-trabajador-de-toyota\/","title":{"rendered":"Nuevo caso positivo en un trabajador de Toyota"},"content":{"rendered":"<!-- VideographyWP Plugin Message: Automatic video embedding prevented by plugin options. -->\n\n<p>La Secretar\u00eda de Salud de la Municipalidad de San Pedro informa, como anticipo del reporte que se ofrecer\u00e1 m\u00e1s tarde cuando arriben las muestras desde el Laboratorio Maiztegui, que desde el Departamento M\u00e9dico de Toyota se ha reportado un nuevo caso positivo en un trabajador sampedrino de 40 a\u00f1os.<\/p>\n\n\n\n<p>El paciente est\u00e1 aislado desde el s\u00e1bado, ya que es un contacto estrecho de un compa\u00f1ero de trabajo de Baradero que dio positivo. Fue hisopado el lunes 29\/6 y hoy 2\/7 se recibieron los resultados.<\/p>\n\n\n\n<p>Desde la Secretar\u00eda de Salud se est\u00e1 contactando a aproximadamente 20 compa\u00f1eros sampedrinos que compartieron viaje o espacio de trabajo.<\/p>\n\n\n\n<p>Adem\u00e1s desde el lunes est\u00e1n aislados 7 contactos estrechos.<\/p>\n","protected":false},"excerpt":{"rendered":"<p>La Secretar\u00eda de Salud de la Municipalidad de San Pedro informa, como anticipo del reporte que se ofrecer\u00e1 m\u00e1s tarde cuando arriben las muestras desde el Laboratorio Maiztegui, que desde el Departamento M\u00e9dico de Toyota se ha reportado un nuevo caso positivo en un trabajador sampedrino de 40 a\u00f1os. El paciente est\u00e1 aislado desde el [&hellip;]<\/p>\n","protected":false},"author":4,"featured_media":76687,"comment_status":"open","ping_status":"closed","sticky":false,"template":"","format":"standard","meta":{"om_disable_all_campaigns":false,"_jetpack_memberships_contains_paid_content":false,"footnotes":""},"categories":[2],"tags":[197,808,696,33,19],"class_list":["post-77152","post","type-post","status-publish","format-standard","has-post-thumbnail","hentry","category-locales","tag-buenos-aires","tag-coronavirus","tag-interes-general","tag-locales","tag-san-pedro"],"aioseo_notices":[],"gutentor_comment":0,"jetpack_featured_media_url":"https:\/\/eldiariodesanpedro.com.ar\/sitio\/wp-content\/uploads\/2020\/06\/no_93m3mtzxue736qhno_5mao83sn8hiz27acovid.jpg","jetpack_shortlink":"https:\/\/wp.me\/p6RhLt-k4o","jetpack_sharing_enabled":true,"_links":{"self":[{"href":"https:\/\/eldiariodesanpedro.com.ar\/sitio\/wp-json\/wp\/v2\/posts\/77152","targetHints":{"allow":["GET"]}}],"collection":[{"href":"https:\/\/eldiariodesanpedro.com.ar\/sitio\/wp-json\/wp\/v2\/posts"}],"about":[{"href":"https:\/\/eldiariodesanpedro.com.ar\/sitio\/wp-json\/wp\/v2\/types\/post"}],"author":[{"embeddable":true,"href":"https:\/\/eldiariodesanpedro.com.ar\/sitio\/wp-json\/wp\/v2\/users\/4"}],"replies":[{"embeddable":true,"href":"https:\/\/eldiariodesanpedro.com.ar\/sitio\/wp-json\/wp\/v2\/comments?post=77152"}],"version-history":[{"count":1,"href":"https:\/\/eldiariodesanpedro.com.ar\/sitio\/wp-json\/wp\/v2\/posts\/77152\/revisions"}],"predecessor-version":[{"id":77153,"href":"https:\/\/eldiariodesanpedro.com.ar\/sitio\/wp-json\/wp\/v2\/posts\/77152\/revisions\/77153"}],"wp:featuredmedia":[{"embeddable":true,"href":"https:\/\/eldiariodesanpedro.com.ar\/sitio\/wp-json\/wp\/v2\/media\/76687"}],"wp:attachment":[{"href":"https:\/\/eldiariodesanpedro.com.ar\/sitio\/wp-json\/wp\/v2\/media?parent=77152"}],"wp:term":[{"taxonomy":"category","embeddable":true,"href":"https:\/\/eldiariodesanpedro.com.ar\/sitio\/wp-json\/wp\/v2\/categories?post=77152"},{"taxonomy":"post_tag","embeddable":true,"href":"https:\/\/eldiariodesanpedro.com.ar\/sitio\/wp-json\/wp\/v2\/tags?post=77152"}],"curies":[{"name":"wp","href":"https:\/\/api.w.org\/{rel}","templated":true}]}}