{"id":77149,"date":"2020-07-02T17:39:54","date_gmt":"2020-07-02T20:39:54","guid":{"rendered":"https:\/\/eldiariodesanpedro.com.ar\/sitio\/?p=77149"},"modified":"2020-07-02T17:39:57","modified_gmt":"2020-07-02T20:39:57","slug":"campana-detienen-por-intento-de-homicidio-al-primo-de-uno-de-los-zaratenos-imputados-del-crimen-de-fernando-baez","status":"publish","type":"post","link":"https:\/\/eldiariodesanpedro.com.ar\/sitio\/campana-detienen-por-intento-de-homicidio-al-primo-de-uno-de-los-zaratenos-imputados-del-crimen-de-fernando-baez\/","title":{"rendered":"CAMPANA | Detienen por intento de homicidio, al primo de uno de los zarate\u00f1os imputados del crimen de Fernando B\u00e1ez"},"content":{"rendered":"<!-- VideographyWP Plugin Message: Automatic video embedding prevented by plugin options. -->\n\n<p>Un primo del rugbier zarate\u00f1o M\u00e1ximo Thomsen, uno de los ocho imputados por el crimen de Fernando B\u00e1ez Sosa en Villa Gesell, qued\u00f3 detenido este martes por tentativa de homicidio. El joven est\u00e1 acusado de haber apu\u00f1alado hace 20 d\u00edas a un cartero en Campana. En el allanamiento secuestraron marihuana.<\/p>\n\n\n\n<p>Se trata de Juan P\u00e9rez Thomsen de 24 a\u00f1os, al que detuvieron en su casa durante un allanamiento por una causa caratulada como \u00abtentativa de homicidio\u00bb.<\/p>\n\n\n\n<p>La v\u00edctima es Claudio Chaul Bonin, de 22 a\u00f1os, empleado de Correo Argentino. Seg\u00fan denunci\u00f3 el 11 de junio repart\u00eda correspondencia y encomiendas en el barrio Siderca cuando sinti\u00f3 que, sin mediar palabra, alguien lo apu\u00f1al\u00f3 por la espalda.<\/p>\n\n\n\n<p>Al darse vuelta, Bonin vio que el agresor era P\u00e9rez Thomsen, a quien conoc\u00eda del barrio. Lo reconoci\u00f3 por los tatuajes que el joven tiene en las manos. De acuerdo con su relato, el agresor le dio dos puntazos en la espalda y escap\u00f3.<\/p>\n\n\n\n<p>La v\u00edctima fue trasladada al Hospital San Jos\u00e9 y despu\u00e9s a un sanatorio de la Ciudad, donde lo dieron de alta en 48 horas ya que las heridas fueron leves.<\/p>\n\n\n\n<p>El caso qued\u00f3 en manos de la fiscal, Dra. Ana Laura Brizuela, que indic\u00f3 que exist\u00eda un conflicto previo entre los j\u00f3venes y que Bonin hab\u00eda recibido una amenaza anteriormente por parte del imputado.<\/p>\n\n\n\n<p>\u201cA fines de mayo, el acusado le envi\u00f3 al cartero, a quien todos conocen en el barrio, un mensaje en el que lo acusaba de haberse equivocado en la entrega de una correspondencia y le escribi\u00f3 textual la frase: \u2018Te voy a matar\u2019\u201d, cont\u00f3 a T\u00e9lam uno de los investigadores.<\/p>\n\n\n\n<p>En el allanamiento al domicilio, la Polic\u00eda secuestr\u00f3 marihuana y una balanza de precisi\u00f3n, por lo que a P\u00e9rez Thomsen se le har\u00e1 una nueva causa en la fiscal\u00eda especializada en drogas. Este mi\u00e9rcoles, el joven se neg\u00f3 a declarar al ser convocado a indagatoria.<\/p>\n\n\n\n<p>Fuentes de la familia Thomsen, aseguraron que el joven detenido no tiene relaci\u00f3n cercana con el rugbier detenido y dijeron que tiene problemas pisqui\u00e1tricos.<\/p>\n\n\n\n<p>Fuente: <a href=\"http:\/\/www.enlacecritico.com\/destacados\/detienen-en-campana-por-intento-de-homicidio-al-primo-de-uno-de-los-zaratenos-imputados-del-crimen-de-fernando-baez\/\">Enlace Critico<\/a><\/p>\n","protected":false},"excerpt":{"rendered":"<p>Un primo del rugbier zarate\u00f1o M\u00e1ximo Thomsen, uno de los ocho imputados por el crimen de Fernando B\u00e1ez Sosa en Villa Gesell, qued\u00f3 detenido este martes por tentativa de homicidio. El joven est\u00e1 acusado de haber apu\u00f1alado hace 20 d\u00edas a un cartero en Campana. En el allanamiento secuestraron marihuana. Se trata de Juan P\u00e9rez [&hellip;]<\/p>\n","protected":false},"author":4,"featured_media":77150,"comment_status":"open","ping_status":"closed","sticky":false,"template":"","format":"standard","meta":{"om_disable_all_campaigns":false,"_jetpack_memberships_contains_paid_content":false,"footnotes":""},"categories":[621],"tags":[197,686,1219,1663,681,1664],"class_list":["post-77149","post","type-post","status-publish","format-standard","has-post-thumbnail","hentry","category-regionales","tag-buenos-aires","tag-campana-2","tag-fernando-baez","tag-naximo-thomsen","tag-regionales","tag-rugbiers"],"aioseo_notices":[],"gutentor_comment":0,"jetpack_featured_media_url":"https:\/\/eldiariodesanpedro.com.ar\/sitio\/wp-content\/uploads\/2020\/07\/5efd10696e2fa_5ee80d4599cea_primo_thomsen_658x400.jpg","jetpack_shortlink":"https:\/\/wp.me\/p6RhLt-k4l","jetpack_sharing_enabled":true,"_links":{"self":[{"href":"https:\/\/eldiariodesanpedro.com.ar\/sitio\/wp-json\/wp\/v2\/posts\/77149","targetHints":{"allow":["GET"]}}],"collection":[{"href":"https:\/\/eldiariodesanpedro.com.ar\/sitio\/wp-json\/wp\/v2\/posts"}],"about":[{"href":"https:\/\/eldiariodesanpedro.com.ar\/sitio\/wp-json\/wp\/v2\/types\/post"}],"author":[{"embeddable":true,"href":"https:\/\/eldiariodesanpedro.com.ar\/sitio\/wp-json\/wp\/v2\/users\/4"}],"replies":[{"embeddable":true,"href":"https:\/\/eldiariodesanpedro.com.ar\/sitio\/wp-json\/wp\/v2\/comments?post=77149"}],"version-history":[{"count":1,"href":"https:\/\/eldiariodesanpedro.com.ar\/sitio\/wp-json\/wp\/v2\/posts\/77149\/revisions"}],"predecessor-version":[{"id":77151,"href":"https:\/\/eldiariodesanpedro.com.ar\/sitio\/wp-json\/wp\/v2\/posts\/77149\/revisions\/77151"}],"wp:featuredmedia":[{"embeddable":true,"href":"https:\/\/eldiariodesanpedro.com.ar\/sitio\/wp-json\/wp\/v2\/media\/77150"}],"wp:attachment":[{"href":"https:\/\/eldiariodesanpedro.com.ar\/sitio\/wp-json\/wp\/v2\/media?parent=77149"}],"wp:term":[{"taxonomy":"category","embeddable":true,"href":"https:\/\/eldiariodesanpedro.com.ar\/sitio\/wp-json\/wp\/v2\/categories?post=77149"},{"taxonomy":"post_tag","embeddable":true,"href":"https:\/\/eldiariodesanpedro.com.ar\/sitio\/wp-json\/wp\/v2\/tags?post=77149"}],"curies":[{"name":"wp","href":"https:\/\/api.w.org\/{rel}","templated":true}]}}