{"id":77078,"date":"2020-07-01T20:23:08","date_gmt":"2020-07-01T23:23:08","guid":{"rendered":"https:\/\/eldiariodesanpedro.com.ar\/sitio\/?p=77078"},"modified":"2020-07-01T20:29:51","modified_gmt":"2020-07-01T23:29:51","slug":"se-recibio-una-muestra-negativa-y-siguen-pendientes-48-muestras","status":"publish","type":"post","link":"https:\/\/eldiariodesanpedro.com.ar\/sitio\/se-recibio-una-muestra-negativa-y-siguen-pendientes-48-muestras\/","title":{"rendered":"Se recibi\u00f3 una muestra negativa y siguen pendientes 48 muestras"},"content":{"rendered":"<!-- VideographyWP Plugin Message: Automatic video embedding prevented by plugin options. -->\n\n<p>En el d\u00eda de hoy se recibi\u00f3 con resultado NEGATIVO la muestra pendiente correspondiente a una mujer de 38 a\u00f1os con contacto estrecho con los casos positivos de R\u00edo Tala. De esta manera quedan pendientes las 23 enviadas ayer junto a las 25 muestras enviadas hoy.<\/p>\n\n\n\n<p>Los ex\u00e1menes enviados corresponden a:<\/p>\n\n\n\n<ul class=\"wp-block-list\"><li>Diez mujeres de 18, 20, 41, 44, 47, 59, 69, 75 y dos de 37 a\u00f1os.<\/li><li>Quince hombres de 15, 21, 23, 37, 40, 43, 44, 47, 48, 55, 59, 73, 83 y dos de 51 a\u00f1os.<\/li><\/ul>\n\n\n\n<p>RESUMEN:<br>Nuevas muestras enviadas: 25<br>Muestras Pendientes: 48<br>Nuevas muestras negativas: 1<br>Nuevos Casos Positivos: 0<br>Total de confirmados: 61*<br>Total de casos activos: 56<br>Total de casos recuperados: 5<br>*(Se incluyen 4 asignados por Regi\u00f3n Sanitaria no detectados en San Pedro)<br>Total de muestras negativas: 286<\/p>\n\n\n\n<p>Se recuerda que, ante s\u00edntomas de tos seca, fiebre y dolor de garganta y la probabilidad de haber estado en contacto con enfermos o viajeros llegados desde las zonas transmisi\u00f3n local o comunitaria se puede llamar al 148 o 107.<\/p>\n\n\n\n<figure class=\"wp-block-image size-large\"><img decoding=\"async\" width=\"1280\" height=\"1240\" data-attachment-id=\"77079\" data-permalink=\"https:\/\/eldiariodesanpedro.com.ar\/sitio\/se-recibio-una-muestra-negativa-y-siguen-pendientes-48-muestras\/whatsapp-image-2020-07-01-at-20-05-00\/\" data-orig-file=\"https:\/\/eldiariodesanpedro.com.ar\/sitio\/wp-content\/uploads\/2020\/07\/WhatsApp-Image-2020-07-01-at-20.05.00.jpeg\" data-orig-size=\"1280,1240\" data-comments-opened=\"1\" data-image-meta=\"{&quot;aperture&quot;:&quot;0&quot;,&quot;credit&quot;:&quot;&quot;,&quot;camera&quot;:&quot;&quot;,&quot;caption&quot;:&quot;&quot;,&quot;created_timestamp&quot;:&quot;0&quot;,&quot;copyright&quot;:&quot;&quot;,&quot;focal_length&quot;:&quot;0&quot;,&quot;iso&quot;:&quot;0&quot;,&quot;shutter_speed&quot;:&quot;0&quot;,&quot;title&quot;:&quot;&quot;,&quot;orientation&quot;:&quot;0&quot;}\" data-image-title=\"WhatsApp-Image-2020-07-01-at-20.05.00\" data-image-description=\"\" data-image-caption=\"\" data-large-file=\"https:\/\/eldiariodesanpedro.com.ar\/sitio\/wp-content\/uploads\/2020\/07\/WhatsApp-Image-2020-07-01-at-20.05.00-1024x992.jpeg\" data-src=\"https:\/\/i1.wp.com\/eldiariodesanpedro.com.ar\/sitio\/wp-content\/uploads\/2020\/07\/WhatsApp-Image-2020-07-01-at-20.05.00.jpeg?fit=640%2C620&amp;ssl=1\" alt=\"\" class=\"wp-image-77079 lazyload\" data-srcset=\"https:\/\/eldiariodesanpedro.com.ar\/sitio\/wp-content\/uploads\/2020\/07\/WhatsApp-Image-2020-07-01-at-20.05.00.jpeg 1280w, https:\/\/eldiariodesanpedro.com.ar\/sitio\/wp-content\/uploads\/2020\/07\/WhatsApp-Image-2020-07-01-at-20.05.00-300x291.jpeg 300w, https:\/\/eldiariodesanpedro.com.ar\/sitio\/wp-content\/uploads\/2020\/07\/WhatsApp-Image-2020-07-01-at-20.05.00-1024x992.jpeg 1024w, https:\/\/eldiariodesanpedro.com.ar\/sitio\/wp-content\/uploads\/2020\/07\/WhatsApp-Image-2020-07-01-at-20.05.00-768x744.jpeg 768w\" data-sizes=\"(max-width: 1280px) 100vw, 1280px\" src=\"data:image\/svg+xml;base64,PHN2ZyB3aWR0aD0iMSIgaGVpZ2h0PSIxIiB4bWxucz0iaHR0cDovL3d3dy53My5vcmcvMjAwMC9zdmciPjwvc3ZnPg==\" style=\"--smush-placeholder-width: 1280px; --smush-placeholder-aspect-ratio: 1280\/1240;\" \/><\/figure>\n","protected":false},"excerpt":{"rendered":"<p>En el d\u00eda de hoy se recibi\u00f3 con resultado NEGATIVO la muestra pendiente correspondiente a una mujer de 38 a\u00f1os con contacto estrecho con los casos positivos de R\u00edo Tala. De esta manera quedan pendientes las 23 enviadas ayer junto a las 25 muestras enviadas hoy. Los ex\u00e1menes enviados corresponden a: Diez mujeres de 18, [&hellip;]<\/p>\n","protected":false},"author":4,"featured_media":74475,"comment_status":"open","ping_status":"closed","sticky":false,"template":"","format":"standard","meta":{"om_disable_all_campaigns":false,"_jetpack_memberships_contains_paid_content":false,"footnotes":""},"categories":[50,101,2],"tags":[1287,808,33,19],"class_list":["post-77078","post","type-post","status-publish","format-standard","has-post-thumbnail","hentry","category-destacadas","category-interes-general-locales","category-locales","tag-buenso-aires","tag-coronavirus","tag-locales","tag-san-pedro"],"aioseo_notices":[],"gutentor_comment":0,"jetpack_featured_media_url":"https:\/\/eldiariodesanpedro.com.ar\/sitio\/wp-content\/uploads\/2020\/05\/covid-19-laboratorio.jpg","jetpack_shortlink":"https:\/\/wp.me\/p6RhLt-k3c","jetpack_sharing_enabled":true,"_links":{"self":[{"href":"https:\/\/eldiariodesanpedro.com.ar\/sitio\/wp-json\/wp\/v2\/posts\/77078","targetHints":{"allow":["GET"]}}],"collection":[{"href":"https:\/\/eldiariodesanpedro.com.ar\/sitio\/wp-json\/wp\/v2\/posts"}],"about":[{"href":"https:\/\/eldiariodesanpedro.com.ar\/sitio\/wp-json\/wp\/v2\/types\/post"}],"author":[{"embeddable":true,"href":"https:\/\/eldiariodesanpedro.com.ar\/sitio\/wp-json\/wp\/v2\/users\/4"}],"replies":[{"embeddable":true,"href":"https:\/\/eldiariodesanpedro.com.ar\/sitio\/wp-json\/wp\/v2\/comments?post=77078"}],"version-history":[{"count":2,"href":"https:\/\/eldiariodesanpedro.com.ar\/sitio\/wp-json\/wp\/v2\/posts\/77078\/revisions"}],"predecessor-version":[{"id":77081,"href":"https:\/\/eldiariodesanpedro.com.ar\/sitio\/wp-json\/wp\/v2\/posts\/77078\/revisions\/77081"}],"wp:featuredmedia":[{"embeddable":true,"href":"https:\/\/eldiariodesanpedro.com.ar\/sitio\/wp-json\/wp\/v2\/media\/74475"}],"wp:attachment":[{"href":"https:\/\/eldiariodesanpedro.com.ar\/sitio\/wp-json\/wp\/v2\/media?parent=77078"}],"wp:term":[{"taxonomy":"category","embeddable":true,"href":"https:\/\/eldiariodesanpedro.com.ar\/sitio\/wp-json\/wp\/v2\/categories?post=77078"},{"taxonomy":"post_tag","embeddable":true,"href":"https:\/\/eldiariodesanpedro.com.ar\/sitio\/wp-json\/wp\/v2\/tags?post=77078"}],"curies":[{"name":"wp","href":"https:\/\/api.w.org\/{rel}","templated":true}]}}