{"id":77074,"date":"2020-07-01T19:29:16","date_gmt":"2020-07-01T22:29:16","guid":{"rendered":"https:\/\/eldiariodesanpedro.com.ar\/sitio\/?p=77074"},"modified":"2020-07-01T19:29:17","modified_gmt":"2020-07-01T22:29:17","slug":"la-agrupacion-mallorca-hoy-cumple-54o-anos","status":"publish","type":"post","link":"https:\/\/eldiariodesanpedro.com.ar\/sitio\/la-agrupacion-mallorca-hoy-cumple-54o-anos\/","title":{"rendered":"La Agrupaci\u00f3n Mallorca hoy cumple 54\u00ba A\u00f1os"},"content":{"rendered":"<!-- VideographyWP Plugin Message: Automatic video embedding prevented by plugin options. -->\n\n<p>La Agrupaci\u00f3n Mallorca es la sucesora de \u00abLa Balear\u00bb, fundada por los primeros inmigrantes de las Islas Baleares al comienzo del s. XX. Aquel era un lugar donde se pod\u00eda hablar en la propia lengua y recordar a las personas y a las cosas queridas de la tierra madre.<\/p>\n\n\n\n<p>La Agrupaci\u00f3n Mallorca se fund\u00f3 como tal a la vera de los preparativos de la celebraci\u00f3n local de la Semana de la Hispanidad del a\u00f1o 1966; naci\u00f3 exactamente el 1\u00ba de julio de aquel a\u00f1o a la luz de la idea promotora del Profesor Miguel Bordoy i Matheu. A partir de ese momento comienzan a asociarse muchos mallorquines y sus descendientes para mantener viva la cultura de origen e integrarla a la adoptiva, generando actividades recreativas, tradicionalistas y culturales.<\/p>\n\n\n\n<p>En el a\u00f1o 1978, en Felanitx, ciudad de Mallorca de donde arribaron la mayor\u00eda de los inmigrantes afincados en las tierras sampedrinas, se le asigna a una calle del lugar el nombre \u00abCalle de la ciudad de San Pedro\u00bb; declar\u00e1ndose ambas ciudades hermanas. En San Pedro, una de las ochavas del Palacio Municipal recuerda aquel nombramiento con una bella may\u00f3lica que ilustra un paisaje antiguo del poblado mallorqu\u00edn.<\/p>\n\n\n\n<p>En 1983 la instituci\u00f3n se instala en la zona de la ribera y en ese mismo a\u00f1o reciben su nombre el camino costanero: Av. Espa\u00f1a, y la bajada hacia el Club N\u00e1utico: V\u00eda Mallorca. Es este el sitio donde primero se construye una precaria casa que alberga con calidez y entusiasmo a las familias mallorquinas, y que muchos a\u00f1os m\u00e1s tarde, gracias al apoyo econ\u00f3mico del Gobierno Balear y la cesi\u00f3n oficial del predio por parte del Honorable Concejo Deliberante local, se convierte en la moderna y funcional sede social.<\/p>\n\n\n\n<p>Desde siempre convivieron con igual esp\u00edritu y motivaci\u00f3n la Comisi\u00f3n Directiva y la Secci\u00f3n Juvenil; ambas generaciones hermanadas en el mismo objetivo y otorgando las diversas miradas necesarias para hacer de la instituci\u00f3n un referente cultural y social de la zona.<\/p>\n\n\n\n<p>Organiza desde hace d\u00e9cadas la tradicional FIESTA DE SAN JUAN con la atractiva \u201cQuema del demonio\u201d; una celebraci\u00f3n ancestral con tintes culturales, art\u00edsticos y gastron\u00f3micos; una verdadera fiesta popular que ya no le pertenece a la colectividad sino a toda la ciudad.<\/p>\n\n\n\n<p>El trabajo se completa con la organizaci\u00f3n de la Municipalidad con la cual la Agrupaci\u00f3n Mallorca tambi\u00e9n lleva adelante la FIESTA NACIONAL DE LA ENSAIMADA MALLORQUINA que re\u00fane en tres jornadas a miles de lugare\u00f1os y turistas que vienen a confirmar que este manjar pastelero procedente de la mayor baleares se ha convertido en la sello tur\u00edstico de la ciudad.<\/p>\n\n\n\n<p>En el marco de la instituci\u00f3n se dictan una decena de talleres dedicados j\u00f3venes y adultos; algunos de ellos orientados a la cultura balear como catal\u00e1n y ball de bot y otros de \u00edndole recreativa. Forman parte de esta gran familia, que se compone de m\u00e1s de 500 socios activos, las se\u00f1oras mallorquinas que conforman el grupo comunitario de las Misioneras de la Mare de D\u00e8u de Sant Salvador, hermanando de esta forma la fe y la acci\u00f3n social entre las dos orillas.<\/p>\n\n\n\n<figure class=\"wp-block-image size-large\"><img decoding=\"async\" width=\"1447\" height=\"2048\" data-attachment-id=\"77075\" data-permalink=\"https:\/\/eldiariodesanpedro.com.ar\/sitio\/la-agrupacion-mallorca-hoy-cumple-54o-anos\/image-8-3\/\" data-orig-file=\"https:\/\/eldiariodesanpedro.com.ar\/sitio\/wp-content\/uploads\/2020\/07\/image-8.png\" data-orig-size=\"1447,2048\" data-comments-opened=\"1\" data-image-meta=\"{&quot;aperture&quot;:&quot;0&quot;,&quot;credit&quot;:&quot;&quot;,&quot;camera&quot;:&quot;&quot;,&quot;caption&quot;:&quot;&quot;,&quot;created_timestamp&quot;:&quot;0&quot;,&quot;copyright&quot;:&quot;&quot;,&quot;focal_length&quot;:&quot;0&quot;,&quot;iso&quot;:&quot;0&quot;,&quot;shutter_speed&quot;:&quot;0&quot;,&quot;title&quot;:&quot;&quot;,&quot;orientation&quot;:&quot;0&quot;}\" data-image-title=\"image-8\" data-image-description=\"\" data-image-caption=\"\" data-large-file=\"https:\/\/eldiariodesanpedro.com.ar\/sitio\/wp-content\/uploads\/2020\/07\/image-8-724x1024.png\" data-src=\"https:\/\/i0.wp.com\/eldiariodesanpedro.com.ar\/sitio\/wp-content\/uploads\/2020\/07\/image-8.png?fit=640%2C905&amp;ssl=1\" alt=\"\" class=\"wp-image-77075 lazyload\" data-srcset=\"https:\/\/eldiariodesanpedro.com.ar\/sitio\/wp-content\/uploads\/2020\/07\/image-8.png 1447w, https:\/\/eldiariodesanpedro.com.ar\/sitio\/wp-content\/uploads\/2020\/07\/image-8-212x300.png 212w, https:\/\/eldiariodesanpedro.com.ar\/sitio\/wp-content\/uploads\/2020\/07\/image-8-724x1024.png 724w, https:\/\/eldiariodesanpedro.com.ar\/sitio\/wp-content\/uploads\/2020\/07\/image-8-768x1087.png 768w, https:\/\/eldiariodesanpedro.com.ar\/sitio\/wp-content\/uploads\/2020\/07\/image-8-1085x1536.png 1085w\" data-sizes=\"(max-width: 1447px) 100vw, 1447px\" src=\"data:image\/svg+xml;base64,PHN2ZyB3aWR0aD0iMSIgaGVpZ2h0PSIxIiB4bWxucz0iaHR0cDovL3d3dy53My5vcmcvMjAwMC9zdmciPjwvc3ZnPg==\" style=\"--smush-placeholder-width: 1447px; --smush-placeholder-aspect-ratio: 1447\/2048;\" \/><\/figure>\n","protected":false},"excerpt":{"rendered":"<p>La Agrupaci\u00f3n Mallorca es la sucesora de \u00abLa Balear\u00bb, fundada por los primeros inmigrantes de las Islas Baleares al comienzo del s. XX. Aquel era un lugar donde se pod\u00eda hablar en la propia lengua y recordar a las personas y a las cosas queridas de la tierra madre. La Agrupaci\u00f3n Mallorca se fund\u00f3 como [&hellip;]<\/p>\n","protected":false},"author":4,"featured_media":77076,"comment_status":"open","ping_status":"closed","sticky":false,"template":"","format":"standard","meta":{"om_disable_all_campaigns":false,"_jetpack_memberships_contains_paid_content":false,"footnotes":""},"categories":[101,2],"tags":[],"class_list":["post-77074","post","type-post","status-publish","format-standard","has-post-thumbnail","hentry","category-interes-general-locales","category-locales"],"aioseo_notices":[],"gutentor_comment":0,"jetpack_featured_media_url":"https:\/\/eldiariodesanpedro.com.ar\/sitio\/wp-content\/uploads\/2020\/07\/74238108_1161567927538489_2759297322163236761_n.jpg","jetpack_shortlink":"https:\/\/wp.me\/p6RhLt-k38","jetpack_sharing_enabled":true,"_links":{"self":[{"href":"https:\/\/eldiariodesanpedro.com.ar\/sitio\/wp-json\/wp\/v2\/posts\/77074","targetHints":{"allow":["GET"]}}],"collection":[{"href":"https:\/\/eldiariodesanpedro.com.ar\/sitio\/wp-json\/wp\/v2\/posts"}],"about":[{"href":"https:\/\/eldiariodesanpedro.com.ar\/sitio\/wp-json\/wp\/v2\/types\/post"}],"author":[{"embeddable":true,"href":"https:\/\/eldiariodesanpedro.com.ar\/sitio\/wp-json\/wp\/v2\/users\/4"}],"replies":[{"embeddable":true,"href":"https:\/\/eldiariodesanpedro.com.ar\/sitio\/wp-json\/wp\/v2\/comments?post=77074"}],"version-history":[{"count":1,"href":"https:\/\/eldiariodesanpedro.com.ar\/sitio\/wp-json\/wp\/v2\/posts\/77074\/revisions"}],"predecessor-version":[{"id":77077,"href":"https:\/\/eldiariodesanpedro.com.ar\/sitio\/wp-json\/wp\/v2\/posts\/77074\/revisions\/77077"}],"wp:featuredmedia":[{"embeddable":true,"href":"https:\/\/eldiariodesanpedro.com.ar\/sitio\/wp-json\/wp\/v2\/media\/77076"}],"wp:attachment":[{"href":"https:\/\/eldiariodesanpedro.com.ar\/sitio\/wp-json\/wp\/v2\/media?parent=77074"}],"wp:term":[{"taxonomy":"category","embeddable":true,"href":"https:\/\/eldiariodesanpedro.com.ar\/sitio\/wp-json\/wp\/v2\/categories?post=77074"},{"taxonomy":"post_tag","embeddable":true,"href":"https:\/\/eldiariodesanpedro.com.ar\/sitio\/wp-json\/wp\/v2\/tags?post=77074"}],"curies":[{"name":"wp","href":"https:\/\/api.w.org\/{rel}","templated":true}]}}