{"id":77071,"date":"2020-07-01T19:19:39","date_gmt":"2020-07-01T22:19:39","guid":{"rendered":"https:\/\/eldiariodesanpedro.com.ar\/sitio\/?p=77071"},"modified":"2020-07-01T19:19:43","modified_gmt":"2020-07-01T22:19:43","slug":"salto-confirman-tres-nuevos-casos-de-coronavirus","status":"publish","type":"post","link":"https:\/\/eldiariodesanpedro.com.ar\/sitio\/salto-confirman-tres-nuevos-casos-de-coronavirus\/","title":{"rendered":"SALTO | Confirman tres nuevos casos de coronavirus"},"content":{"rendered":"<!-- VideographyWP Plugin Message: Automatic video embedding prevented by plugin options. -->\n\n<p>Con tres nuevos casos confirmados este martes, el n\u00famero de infectados con seguimiento m\u00e9dico asciende a 25. Otras 22 personas fueron dadas de alta.<\/p>\n\n\n\n<p>Las autoridades sanitarias del Municipio de Salto confirmaron tres nuevos casos de coronat este martes, ascendiendo a 25 el n\u00famero de infectados con seguimiento m\u00e9dico.&nbsp;<\/p>\n\n\n\n<p>\u00abDe los seis hisopados que hab\u00edan sido env\u00edados al Instituto Maiztegui, hemos recibido cuatro, de los cu\u00e1les tres dieron positivo, mientras que uno arroj\u00f3 resultado negativo. A\u00fan quedan dos en estudio\u00bb, informaron desde el Municipio.<\/p>\n\n\n\n<p>En ese ese sentido, las autoridades aclararon que el nexo epidemiol\u00f3gico de \u00e9stos contagios corresponde a contactos estrecho de pacientes con covid-19, no habiendo as\u00ed circulaci\u00f3n viral comunitaria.&nbsp;<\/p>\n\n\n\n<p>COVID-19<\/p>\n\n\n\n<p>Informaci\u00f3n actualizada<\/p>\n\n\n\n<p>Queremos informar a la comunidad que de los seis (6) hisopados realizados se recibieron en el d\u00eda de la fecha cuatro (4) resultados. Tres (3) de ellos son confirmados como casos positivos y uno (1) negativo.<\/p>\n\n\n\n<p>El nexo epidemiol\u00f3gico de estos contagios corresponde a contactos estrechos de pacientes con Covid-19.<\/p>\n\n\n\n<p>Aguardamos los resultados de los hisopados pendientes.\u00a0<br>\u2022Total casos positivos activos: 25<br>\u2022Total casos positivos: 47<br>\u2022Total personas recuperadas: 22<\/p>\n\n\n\n<p>En Salto no hay circulaci\u00f3n comunitaria.<\/p>\n\n\n\n<p>Fuente: <a href=\"https:\/\/saltohoy.adiarios.com\/\">Salto Hoy<\/a><\/p>\n","protected":false},"excerpt":{"rendered":"<p>Con tres nuevos casos confirmados este martes, el n\u00famero de infectados con seguimiento m\u00e9dico asciende a 25. Otras 22 personas fueron dadas de alta. Las autoridades sanitarias del Municipio de Salto confirmaron tres nuevos casos de coronat este martes, ascendiendo a 25 el n\u00famero de infectados con seguimiento m\u00e9dico.&nbsp; \u00abDe los seis hisopados que hab\u00edan [&hellip;]<\/p>\n","protected":false},"author":4,"featured_media":77072,"comment_status":"open","ping_status":"closed","sticky":false,"template":"","format":"standard","meta":{"om_disable_all_campaigns":false,"_jetpack_memberships_contains_paid_content":false,"footnotes":""},"categories":[621],"tags":[197,808,681,1264],"class_list":["post-77071","post","type-post","status-publish","format-standard","has-post-thumbnail","hentry","category-regionales","tag-buenos-aires","tag-coronavirus","tag-regionales","tag-salto"],"aioseo_notices":[],"gutentor_comment":0,"jetpack_featured_media_url":"https:\/\/eldiariodesanpedro.com.ar\/sitio\/wp-content\/uploads\/2020\/07\/test-de-covid-19_1.jpg","jetpack_shortlink":"https:\/\/wp.me\/p6RhLt-k35","jetpack_sharing_enabled":true,"_links":{"self":[{"href":"https:\/\/eldiariodesanpedro.com.ar\/sitio\/wp-json\/wp\/v2\/posts\/77071","targetHints":{"allow":["GET"]}}],"collection":[{"href":"https:\/\/eldiariodesanpedro.com.ar\/sitio\/wp-json\/wp\/v2\/posts"}],"about":[{"href":"https:\/\/eldiariodesanpedro.com.ar\/sitio\/wp-json\/wp\/v2\/types\/post"}],"author":[{"embeddable":true,"href":"https:\/\/eldiariodesanpedro.com.ar\/sitio\/wp-json\/wp\/v2\/users\/4"}],"replies":[{"embeddable":true,"href":"https:\/\/eldiariodesanpedro.com.ar\/sitio\/wp-json\/wp\/v2\/comments?post=77071"}],"version-history":[{"count":1,"href":"https:\/\/eldiariodesanpedro.com.ar\/sitio\/wp-json\/wp\/v2\/posts\/77071\/revisions"}],"predecessor-version":[{"id":77073,"href":"https:\/\/eldiariodesanpedro.com.ar\/sitio\/wp-json\/wp\/v2\/posts\/77071\/revisions\/77073"}],"wp:featuredmedia":[{"embeddable":true,"href":"https:\/\/eldiariodesanpedro.com.ar\/sitio\/wp-json\/wp\/v2\/media\/77072"}],"wp:attachment":[{"href":"https:\/\/eldiariodesanpedro.com.ar\/sitio\/wp-json\/wp\/v2\/media?parent=77071"}],"wp:term":[{"taxonomy":"category","embeddable":true,"href":"https:\/\/eldiariodesanpedro.com.ar\/sitio\/wp-json\/wp\/v2\/categories?post=77071"},{"taxonomy":"post_tag","embeddable":true,"href":"https:\/\/eldiariodesanpedro.com.ar\/sitio\/wp-json\/wp\/v2\/tags?post=77071"}],"curies":[{"name":"wp","href":"https:\/\/api.w.org\/{rel}","templated":true}]}}