{"id":77068,"date":"2020-07-01T19:17:06","date_gmt":"2020-07-01T22:17:06","guid":{"rendered":"https:\/\/eldiariodesanpedro.com.ar\/sitio\/?p=77068"},"modified":"2020-07-01T19:17:10","modified_gmt":"2020-07-01T22:17:10","slug":"zarate-cinco-casos-confirmados","status":"publish","type":"post","link":"https:\/\/eldiariodesanpedro.com.ar\/sitio\/zarate-cinco-casos-confirmados\/","title":{"rendered":"Z\u00c1RATE | Cinco casos confirmados"},"content":{"rendered":"<!-- VideographyWP Plugin Message: Automatic video embedding prevented by plugin options. -->\n\n<p>El Municipio de Z\u00e1rate a trav\u00e9s de la Secretar\u00eda de Salud informa en base a las estad\u00edsticas del Sistema Nacional de Vigilancia Sanitario (SNVS) del Sistema Integrado de Informaci\u00f3n Sanitaria Argentino (SISA):<\/p>\n\n\n\n<p>Se han registrado 5 nuevos casos confirmados para COVID-19 en el d\u00eda de la fecha:<br>\u2022 Femenina de 38 a\u00f1os.<br>\u2022 Masculino de 41 a\u00f1os.<br>\u2022 Masculino de 47 a\u00f1os.<br>\u2022 Masculino de 44 a\u00f1os.<br>\u2022 Masculino de 33 a\u00f1os.<\/p>\n\n\n\n<p>Se han informado 22 nuevos casos sospechosos de COVID-19<br>Hospital Intermedio Dr. Ren\u00e9 Favaloro 7 casos<br>Hospital Zonal Virgen del Carmen 6 casos<br>Cl\u00ednica Santa Clara 3 casos<br>Otros Laboratorios y Sanatorios 6 casos<\/p>\n\n\n\n<p>Se han descartado 27 casos.<\/p>\n\n\n\n<p>Pendientes de resultado: 78 casos.<\/p>\n\n\n\n<p>Total de casos descartados 691 casos.<\/p>\n\n\n\n<p>Total Partido de Z\u00e1rate<br>Casos Positivos COVID-19 Activos 89<br>Casos Positivos COVID-19 Recuperados 56<br>Casos Positivos COVID-19 Fallecidos 3<br>Total Casos Positivos 148<\/p>\n","protected":false},"excerpt":{"rendered":"<p>El Municipio de Z\u00e1rate a trav\u00e9s de la Secretar\u00eda de Salud informa en base a las estad\u00edsticas del Sistema Nacional de Vigilancia Sanitario (SNVS) del Sistema Integrado de Informaci\u00f3n Sanitaria Argentino (SISA): Se han registrado 5 nuevos casos confirmados para COVID-19 en el d\u00eda de la fecha:\u2022 Femenina de 38 a\u00f1os.\u2022 Masculino de 41 a\u00f1os.\u2022 [&hellip;]<\/p>\n","protected":false},"author":4,"featured_media":77069,"comment_status":"open","ping_status":"closed","sticky":false,"template":"","format":"standard","meta":{"om_disable_all_campaigns":false,"_jetpack_memberships_contains_paid_content":false,"footnotes":""},"categories":[621],"tags":[197,808,681,707],"class_list":["post-77068","post","type-post","status-publish","format-standard","has-post-thumbnail","hentry","category-regionales","tag-buenos-aires","tag-coronavirus","tag-regionales","tag-zarate"],"aioseo_notices":[],"gutentor_comment":0,"jetpack_featured_media_url":"https:\/\/eldiariodesanpedro.com.ar\/sitio\/wp-content\/uploads\/2020\/07\/coronavirus-1-1.jpg","jetpack_shortlink":"https:\/\/wp.me\/p6RhLt-k32","jetpack_sharing_enabled":true,"_links":{"self":[{"href":"https:\/\/eldiariodesanpedro.com.ar\/sitio\/wp-json\/wp\/v2\/posts\/77068","targetHints":{"allow":["GET"]}}],"collection":[{"href":"https:\/\/eldiariodesanpedro.com.ar\/sitio\/wp-json\/wp\/v2\/posts"}],"about":[{"href":"https:\/\/eldiariodesanpedro.com.ar\/sitio\/wp-json\/wp\/v2\/types\/post"}],"author":[{"embeddable":true,"href":"https:\/\/eldiariodesanpedro.com.ar\/sitio\/wp-json\/wp\/v2\/users\/4"}],"replies":[{"embeddable":true,"href":"https:\/\/eldiariodesanpedro.com.ar\/sitio\/wp-json\/wp\/v2\/comments?post=77068"}],"version-history":[{"count":1,"href":"https:\/\/eldiariodesanpedro.com.ar\/sitio\/wp-json\/wp\/v2\/posts\/77068\/revisions"}],"predecessor-version":[{"id":77070,"href":"https:\/\/eldiariodesanpedro.com.ar\/sitio\/wp-json\/wp\/v2\/posts\/77068\/revisions\/77070"}],"wp:featuredmedia":[{"embeddable":true,"href":"https:\/\/eldiariodesanpedro.com.ar\/sitio\/wp-json\/wp\/v2\/media\/77069"}],"wp:attachment":[{"href":"https:\/\/eldiariodesanpedro.com.ar\/sitio\/wp-json\/wp\/v2\/media?parent=77068"}],"wp:term":[{"taxonomy":"category","embeddable":true,"href":"https:\/\/eldiariodesanpedro.com.ar\/sitio\/wp-json\/wp\/v2\/categories?post=77068"},{"taxonomy":"post_tag","embeddable":true,"href":"https:\/\/eldiariodesanpedro.com.ar\/sitio\/wp-json\/wp\/v2\/tags?post=77068"}],"curies":[{"name":"wp","href":"https:\/\/api.w.org\/{rel}","templated":true}]}}