{"id":77032,"date":"2020-07-01T16:31:11","date_gmt":"2020-07-01T19:31:11","guid":{"rendered":"https:\/\/eldiariodesanpedro.com.ar\/sitio\/?p=77032"},"modified":"2020-07-01T16:31:14","modified_gmt":"2020-07-01T19:31:14","slug":"los-empleados-de-la-empresa-coto-dieron-todos-negativos","status":"publish","type":"post","link":"https:\/\/eldiariodesanpedro.com.ar\/sitio\/los-empleados-de-la-empresa-coto-dieron-todos-negativos\/","title":{"rendered":"Los empleados de la empresa Coto dieron todos negativos"},"content":{"rendered":"<!-- VideographyWP Plugin Message: Automatic video embedding prevented by plugin options. -->\n\n<p>En la jornada de este mi\u00e9rcoles la empresa av\u00edcola Coto que se encuentra sobre ruta nacional 9 recibi\u00f3 el resultado de m\u00e1s de 30 muestras de trabajadores enviadas por la misma empresa de forma privada dando todas negativas.<\/p>\n\n\n\n<p>La informaci\u00f3n surgi\u00f3 desde los representantes de la planta incubadora av\u00edcola ubicada en el km 174 de la ruta 9, quien inform\u00f3 que las muestras remitidas de manera privada solicitada por la planta central&nbsp; dieron todas negativas.<\/p>\n\n\n\n<p>Un alivio tanto para la empresa como para la Secretar\u00eda de Salud de nuestra ciudad ya que ese foco de la cocinera de 43 a\u00f1os ya estar\u00eda controlado.<\/p>\n\n\n\n<p>Foto: Visita del Intendente Cecilio Salazar 2019 <\/p>\n","protected":false},"excerpt":{"rendered":"<p>En la jornada de este mi\u00e9rcoles la empresa av\u00edcola Coto que se encuentra sobre ruta nacional 9 recibi\u00f3 el resultado de m\u00e1s de 30 muestras de trabajadores enviadas por la misma empresa de forma privada dando todas negativas. La informaci\u00f3n surgi\u00f3 desde los representantes de la planta incubadora av\u00edcola ubicada en el km 174 de [&hellip;]<\/p>\n","protected":false},"author":4,"featured_media":77033,"comment_status":"open","ping_status":"closed","sticky":false,"template":"","format":"standard","meta":{"om_disable_all_campaigns":false,"_jetpack_memberships_contains_paid_content":false,"footnotes":""},"categories":[50,101,2],"tags":[197,808,1655,696,33,1656,19],"class_list":["post-77032","post","type-post","status-publish","format-standard","has-post-thumbnail","hentry","category-destacadas","category-interes-general-locales","category-locales","tag-buenos-aires","tag-coronavirus","tag-coto","tag-interes-general","tag-locales","tag-planta-incubadora","tag-san-pedro"],"aioseo_notices":[],"gutentor_comment":0,"jetpack_featured_media_url":"https:\/\/eldiariodesanpedro.com.ar\/sitio\/wp-content\/uploads\/2020\/07\/52908176_2070925199864409_1223819723762827264_n.jpg","jetpack_shortlink":"https:\/\/wp.me\/p6RhLt-k2s","jetpack_sharing_enabled":true,"_links":{"self":[{"href":"https:\/\/eldiariodesanpedro.com.ar\/sitio\/wp-json\/wp\/v2\/posts\/77032","targetHints":{"allow":["GET"]}}],"collection":[{"href":"https:\/\/eldiariodesanpedro.com.ar\/sitio\/wp-json\/wp\/v2\/posts"}],"about":[{"href":"https:\/\/eldiariodesanpedro.com.ar\/sitio\/wp-json\/wp\/v2\/types\/post"}],"author":[{"embeddable":true,"href":"https:\/\/eldiariodesanpedro.com.ar\/sitio\/wp-json\/wp\/v2\/users\/4"}],"replies":[{"embeddable":true,"href":"https:\/\/eldiariodesanpedro.com.ar\/sitio\/wp-json\/wp\/v2\/comments?post=77032"}],"version-history":[{"count":1,"href":"https:\/\/eldiariodesanpedro.com.ar\/sitio\/wp-json\/wp\/v2\/posts\/77032\/revisions"}],"predecessor-version":[{"id":77034,"href":"https:\/\/eldiariodesanpedro.com.ar\/sitio\/wp-json\/wp\/v2\/posts\/77032\/revisions\/77034"}],"wp:featuredmedia":[{"embeddable":true,"href":"https:\/\/eldiariodesanpedro.com.ar\/sitio\/wp-json\/wp\/v2\/media\/77033"}],"wp:attachment":[{"href":"https:\/\/eldiariodesanpedro.com.ar\/sitio\/wp-json\/wp\/v2\/media?parent=77032"}],"wp:term":[{"taxonomy":"category","embeddable":true,"href":"https:\/\/eldiariodesanpedro.com.ar\/sitio\/wp-json\/wp\/v2\/categories?post=77032"},{"taxonomy":"post_tag","embeddable":true,"href":"https:\/\/eldiariodesanpedro.com.ar\/sitio\/wp-json\/wp\/v2\/tags?post=77032"}],"curies":[{"name":"wp","href":"https:\/\/api.w.org\/{rel}","templated":true}]}}