{"id":77024,"date":"2020-07-01T16:08:25","date_gmt":"2020-07-01T19:08:25","guid":{"rendered":"https:\/\/eldiariodesanpedro.com.ar\/sitio\/?p=77024"},"modified":"2020-07-01T16:08:29","modified_gmt":"2020-07-01T19:08:29","slug":"oficialmente-san-pedro-esta-en-fase-3-por-la-publicacion-del-boletin-oficial","status":"publish","type":"post","link":"https:\/\/eldiariodesanpedro.com.ar\/sitio\/oficialmente-san-pedro-esta-en-fase-3-por-la-publicacion-del-boletin-oficial\/","title":{"rendered":"Oficialmente San Pedro esta en Fase 3 por la publicaci\u00f3n del Bolet\u00edn Oficial"},"content":{"rendered":"<!-- VideographyWP Plugin Message: Automatic video embedding prevented by plugin options. -->\n\n<p>Esta ma\u00f1ana de mi\u00e9rcoles fue confirmado por el Bolet\u00edn oficial que San Pedro pasa&nbsp; a fase 3, tras la conferencia de prensa realizada ayer por el Secretario de Coordinaci\u00f3n de la Municipalidad, el Dr. Ramon Salazar donde adelant\u00f3 esta situaci\u00f3n.<\/p>\n\n\n\n<p>San Pedro junto a otras 8 localidades son las \u00fanicas en el interior de la Provincia de Buenos Aires en encontrarse en fase 3 por los problemas de circulaci\u00f3n del virus y la cantidad de casos positivos.<\/p>\n\n\n\n<p>Los restantes municipios son Z\u00e1rate, Campana, Baradero, Exaltaci\u00f3n de la Cruz, Ca\u00f1uelas, Brandsen y Olavarr\u00eda. Todos ubicados en la regi\u00f3n norte la provincia en cercan\u00edas al corredor de la ruta 9.&nbsp;<\/p>\n\n\n\n<p>Como informaba el Dr. Ram\u00f3n Salazar en el dia de ayer la Fase 3 restringe la apertura de peluquer\u00edas, servicios de est\u00e9tica, servicios dom\u00e9sticos y obras privadas de construcci\u00f3n.&nbsp;&nbsp;<\/p>\n\n\n\n<p>Por su parte los comercios de venta de ropas, calzados, entre otros s\u00f3lo podr\u00edan atender a trav\u00e9s de delivery y no con atencion al publico.<\/p>\n\n\n\n<p>La publicaci\u00f3n del boletin oficial:<\/p>\n\n\n<a href=\"https:\/\/eldiariodesanpedro.com.ar\/sitio\/wp-content\/uploads\/2020\/07\/Resoluci\u00f3n-260_2020.pdf\" class=\"pdfemb-viewer\" style=\"\" data-width=\"max\" data-height=\"max\" data-toolbar=\"bottom\" data-toolbar-fixed=\"off\">Resoluci\u00f3n-260_2020<\/a>\n<p class=\"wp-block-pdfemb-pdf-embedder-viewer\"><\/p>\n","protected":false},"excerpt":{"rendered":"<p>Esta ma\u00f1ana de mi\u00e9rcoles fue confirmado por el Bolet\u00edn oficial que San Pedro pasa&nbsp; a fase 3, tras la conferencia de prensa realizada ayer por el Secretario de Coordinaci\u00f3n de la Municipalidad, el Dr. Ramon Salazar donde adelant\u00f3 esta situaci\u00f3n. San Pedro junto a otras 8 localidades son las \u00fanicas en el interior de la [&hellip;]<\/p>\n","protected":false},"author":4,"featured_media":77028,"comment_status":"open","ping_status":"closed","sticky":false,"template":"","format":"standard","meta":{"om_disable_all_campaigns":false,"_jetpack_memberships_contains_paid_content":false,"footnotes":""},"categories":[50,101,2],"tags":[197,1522,33,19],"class_list":["post-77024","post","type-post","status-publish","format-standard","has-post-thumbnail","hentry","category-destacadas","category-interes-general-locales","category-locales","tag-buenos-aires","tag-fase-3","tag-locales","tag-san-pedro"],"aioseo_notices":[],"gutentor_comment":0,"jetpack_featured_media_url":"https:\/\/eldiariodesanpedro.com.ar\/sitio\/wp-content\/uploads\/2020\/07\/San-Pedro-Llegar-1-1024x573-1.jpg","jetpack_shortlink":"https:\/\/wp.me\/p6RhLt-k2k","jetpack_sharing_enabled":true,"_links":{"self":[{"href":"https:\/\/eldiariodesanpedro.com.ar\/sitio\/wp-json\/wp\/v2\/posts\/77024","targetHints":{"allow":["GET"]}}],"collection":[{"href":"https:\/\/eldiariodesanpedro.com.ar\/sitio\/wp-json\/wp\/v2\/posts"}],"about":[{"href":"https:\/\/eldiariodesanpedro.com.ar\/sitio\/wp-json\/wp\/v2\/types\/post"}],"author":[{"embeddable":true,"href":"https:\/\/eldiariodesanpedro.com.ar\/sitio\/wp-json\/wp\/v2\/users\/4"}],"replies":[{"embeddable":true,"href":"https:\/\/eldiariodesanpedro.com.ar\/sitio\/wp-json\/wp\/v2\/comments?post=77024"}],"version-history":[{"count":1,"href":"https:\/\/eldiariodesanpedro.com.ar\/sitio\/wp-json\/wp\/v2\/posts\/77024\/revisions"}],"predecessor-version":[{"id":77029,"href":"https:\/\/eldiariodesanpedro.com.ar\/sitio\/wp-json\/wp\/v2\/posts\/77024\/revisions\/77029"}],"wp:featuredmedia":[{"embeddable":true,"href":"https:\/\/eldiariodesanpedro.com.ar\/sitio\/wp-json\/wp\/v2\/media\/77028"}],"wp:attachment":[{"href":"https:\/\/eldiariodesanpedro.com.ar\/sitio\/wp-json\/wp\/v2\/media?parent=77024"}],"wp:term":[{"taxonomy":"category","embeddable":true,"href":"https:\/\/eldiariodesanpedro.com.ar\/sitio\/wp-json\/wp\/v2\/categories?post=77024"},{"taxonomy":"post_tag","embeddable":true,"href":"https:\/\/eldiariodesanpedro.com.ar\/sitio\/wp-json\/wp\/v2\/tags?post=77024"}],"curies":[{"name":"wp","href":"https:\/\/api.w.org\/{rel}","templated":true}]}}