{"id":77017,"date":"2020-07-01T15:28:45","date_gmt":"2020-07-01T18:28:45","guid":{"rendered":"https:\/\/eldiariodesanpedro.com.ar\/sitio\/?p=77017"},"modified":"2020-07-01T16:16:43","modified_gmt":"2020-07-01T19:16:43","slug":"romina-la-victima-de-abusos-por-el-pastor-hablo-en-un-medio-nacional","status":"publish","type":"post","link":"https:\/\/eldiariodesanpedro.com.ar\/sitio\/romina-la-victima-de-abusos-por-el-pastor-hablo-en-un-medio-nacional\/","title":{"rendered":"Romina la victima de abusos por el pastor hablo en un medio nacional"},"content":{"rendered":"<!-- VideographyWP Plugin Message: Automatic video embedding prevented by plugin options. -->\n\n<p>Romina quien denuncio de abuso al pastor de nuestra ciudad, hablo en un medio nacional contando los motivos por lo que decidi\u00f3 hacer publica esta situaci\u00f3n.<\/p>\n\n\n\n<p>En el programa \u00abShow del Problema\u00bb que se emite por canal 9 conducido por Nicol\u00e1s Magaldi trataron el aberrante hecho al que se lo acusa al Pastor con covid positivo tras la denuncia realizada en la tarde de ayer en la comisaria de la mujer de nuestra ciudad.<\/p>\n\n\n\n<p>Por primera vez romina cuenta lo que sucedi\u00f3 y por que despu\u00e9s de 20 a\u00f1os decide hacerlo publico y realizar la correspondiente presentaci\u00f3n ante la justicia.<\/p>\n\n\n\n<p>\u00abLos acosos ocurrieron dentro de la iglesia cuando mis padres me dejaban con \u00e9l, y eran reiterados en el tiempo\u00bb declaro la victima.<\/p>\n\n\n\n<p>Ademas ella seg\u00fan la declaraci\u00f3n realizada en la justicia \u00abno descarto que todos estos a\u00f1os sigui\u00f3 haciendo lo mismo con otras chicas\u00bb <\/p>\n\n\n\n<p>En el programa conducido por Magaldi agrego \u00abCreo que hasta sus propias hijas fueron abusadas\u00bb.<\/p>\n\n\n\n<p>\u00abNunca se lo pude contar a mis padres por miedo\u00bb asinti\u00f3 Romina.<\/p>\n\n\n\n<p>Recordemos que la causa se encuentra en plena investigaci\u00f3n por parte de la Fiscalia N\u00ba 11 a cargo del Dr. Marcelo Manso quien tratara de reconstruir esta situaci\u00f3n ocurrida hace mas de veinte a\u00f1os. <\/p>\n\n\n\n<figure class=\"wp-block-embed-facebook wp-block-embed\"><div class=\"wp-block-embed__wrapper\">\n<div class=\"fb-video\" data-allowfullscreen=\"true\" data-href=\"https:\/\/www.facebook.com\/watch\/?v=289025275792481\" style=\"background-color: #fff; display: inline-block;\"><\/div>\n<\/div><\/figure>\n","protected":false},"excerpt":{"rendered":"<p>Romina quien denuncio de abuso al pastor de nuestra ciudad, hablo en un medio nacional contando los motivos por lo que decidi\u00f3 hacer publica esta situaci\u00f3n. En el programa \u00abShow del Problema\u00bb que se emite por canal 9 conducido por Nicol\u00e1s Magaldi trataron el aberrante hecho al que se lo acusa al Pastor con covid [&hellip;]<\/p>\n","protected":false},"author":4,"featured_media":77018,"comment_status":"open","ping_status":"closed","sticky":false,"template":"","format":"standard","meta":{"om_disable_all_campaigns":false,"_jetpack_memberships_contains_paid_content":false,"footnotes":""},"categories":[101,2],"tags":[197,1652,33,1653,19,1654],"class_list":["post-77017","post","type-post","status-publish","format-standard","has-post-thumbnail","hentry","category-interes-general-locales","category-locales","tag-buenos-aires","tag-canal-9","tag-locales","tag-romina","tag-san-pedro","tag-victima-de-abuso"],"aioseo_notices":[],"gutentor_comment":0,"jetpack_featured_media_url":"https:\/\/eldiariodesanpedro.com.ar\/sitio\/wp-content\/uploads\/2020\/07\/106361892_2700375963395929_3214955430039436535_o.jpg","jetpack_shortlink":"https:\/\/wp.me\/p6RhLt-k2d","jetpack_sharing_enabled":true,"_links":{"self":[{"href":"https:\/\/eldiariodesanpedro.com.ar\/sitio\/wp-json\/wp\/v2\/posts\/77017","targetHints":{"allow":["GET"]}}],"collection":[{"href":"https:\/\/eldiariodesanpedro.com.ar\/sitio\/wp-json\/wp\/v2\/posts"}],"about":[{"href":"https:\/\/eldiariodesanpedro.com.ar\/sitio\/wp-json\/wp\/v2\/types\/post"}],"author":[{"embeddable":true,"href":"https:\/\/eldiariodesanpedro.com.ar\/sitio\/wp-json\/wp\/v2\/users\/4"}],"replies":[{"embeddable":true,"href":"https:\/\/eldiariodesanpedro.com.ar\/sitio\/wp-json\/wp\/v2\/comments?post=77017"}],"version-history":[{"count":3,"href":"https:\/\/eldiariodesanpedro.com.ar\/sitio\/wp-json\/wp\/v2\/posts\/77017\/revisions"}],"predecessor-version":[{"id":77031,"href":"https:\/\/eldiariodesanpedro.com.ar\/sitio\/wp-json\/wp\/v2\/posts\/77017\/revisions\/77031"}],"wp:featuredmedia":[{"embeddable":true,"href":"https:\/\/eldiariodesanpedro.com.ar\/sitio\/wp-json\/wp\/v2\/media\/77018"}],"wp:attachment":[{"href":"https:\/\/eldiariodesanpedro.com.ar\/sitio\/wp-json\/wp\/v2\/media?parent=77017"}],"wp:term":[{"taxonomy":"category","embeddable":true,"href":"https:\/\/eldiariodesanpedro.com.ar\/sitio\/wp-json\/wp\/v2\/categories?post=77017"},{"taxonomy":"post_tag","embeddable":true,"href":"https:\/\/eldiariodesanpedro.com.ar\/sitio\/wp-json\/wp\/v2\/tags?post=77017"}],"curies":[{"name":"wp","href":"https:\/\/api.w.org\/{rel}","templated":true}]}}