{"id":77013,"date":"2020-07-01T12:23:14","date_gmt":"2020-07-01T15:23:14","guid":{"rendered":"https:\/\/eldiariodesanpedro.com.ar\/sitio\/?p=77013"},"modified":"2020-07-01T12:58:37","modified_gmt":"2020-07-01T15:58:37","slug":"rio-tala-fallecio-un-hombre-que-fue-hisopado-por-covid-por-ser-contacto-estrecho","status":"publish","type":"post","link":"https:\/\/eldiariodesanpedro.com.ar\/sitio\/rio-tala-fallecio-un-hombre-que-fue-hisopado-por-covid-por-ser-contacto-estrecho\/","title":{"rendered":"R\u00edo Tala: Falleci\u00f3 un hombre que fue hisopado por covid por ser contacto estrecho"},"content":{"rendered":"<!-- VideographyWP Plugin Message: Automatic video embedding prevented by plugin options. -->\n\n<p>En la localidad de R\u00edo Tala en las primeras horas de este mi\u00e9rcoles falleci\u00f3 un hombre mayor de edad que fue hisopado d\u00edas atr\u00e1s por ser contacto estrecho de uno de los enfermos de coronavirus.<\/p>\n\n\n\n<p>En las primeras horas del mi\u00e9rcoles 1 de Julio se conoci\u00f3 la noticia del fallecimiento de un hombre el cual era contacto estrecho de un paciente Covid 19 positivo, el mismo fue hisopado el d\u00eda lunes y se esperaban los resultados para la noche de hoy.<\/p>\n\n\n\n<p>Esta persona pertenece al grupo del personal de Prefectura de Ibicuy y por tratarse de una persona de riesgo por su segmento de edad y haber sufrido en los \u00faltimos tiempos un accidente, esta persona permanec\u00eda en su domicilio al cuidado de su familia ya que por sus caracter\u00edsticas resultaba ser una persona de riesgo por ello y por ser contacto estrecho fue hisopado el d\u00eda lunes, pero el mismo permanec\u00eda sin s\u00edntomas ni fiebre.<\/p>\n\n\n\n<p>El deceso se produjo en su domicilio y la persona fue identificada como Ricardo Ignacio Piris, la cual seg\u00fan el protocolo vigente deber\u00e1 aguardar los resultados del test de Covid 19 para su posterior autopsia y sepelio cumpliendo las normas establecidas para este tipo de situaciones . <\/p>\n","protected":false},"excerpt":{"rendered":"<p>En la localidad de R\u00edo Tala en las primeras horas de este mi\u00e9rcoles falleci\u00f3 un hombre mayor de edad que fue hisopado d\u00edas atr\u00e1s por ser contacto estrecho de uno de los enfermos de coronavirus. En las primeras horas del mi\u00e9rcoles 1 de Julio se conoci\u00f3 la noticia del fallecimiento de un hombre el cual [&hellip;]<\/p>\n","protected":false},"author":4,"featured_media":77014,"comment_status":"open","ping_status":"closed","sticky":false,"template":"","format":"standard","meta":{"om_disable_all_campaigns":false,"_jetpack_memberships_contains_paid_content":false,"footnotes":""},"categories":[50,101,2],"tags":[197,808,696,33,19],"class_list":["post-77013","post","type-post","status-publish","format-standard","has-post-thumbnail","hentry","category-destacadas","category-interes-general-locales","category-locales","tag-buenos-aires","tag-coronavirus","tag-interes-general","tag-locales","tag-san-pedro"],"aioseo_notices":[],"gutentor_comment":0,"jetpack_featured_media_url":"https:\/\/eldiariodesanpedro.com.ar\/sitio\/wp-content\/uploads\/2020\/07\/106251849_1312398645635938_2132863054850340_o.jpg","jetpack_shortlink":"https:\/\/wp.me\/p6RhLt-k29","jetpack_sharing_enabled":true,"_links":{"self":[{"href":"https:\/\/eldiariodesanpedro.com.ar\/sitio\/wp-json\/wp\/v2\/posts\/77013","targetHints":{"allow":["GET"]}}],"collection":[{"href":"https:\/\/eldiariodesanpedro.com.ar\/sitio\/wp-json\/wp\/v2\/posts"}],"about":[{"href":"https:\/\/eldiariodesanpedro.com.ar\/sitio\/wp-json\/wp\/v2\/types\/post"}],"author":[{"embeddable":true,"href":"https:\/\/eldiariodesanpedro.com.ar\/sitio\/wp-json\/wp\/v2\/users\/4"}],"replies":[{"embeddable":true,"href":"https:\/\/eldiariodesanpedro.com.ar\/sitio\/wp-json\/wp\/v2\/comments?post=77013"}],"version-history":[{"count":2,"href":"https:\/\/eldiariodesanpedro.com.ar\/sitio\/wp-json\/wp\/v2\/posts\/77013\/revisions"}],"predecessor-version":[{"id":77016,"href":"https:\/\/eldiariodesanpedro.com.ar\/sitio\/wp-json\/wp\/v2\/posts\/77013\/revisions\/77016"}],"wp:featuredmedia":[{"embeddable":true,"href":"https:\/\/eldiariodesanpedro.com.ar\/sitio\/wp-json\/wp\/v2\/media\/77014"}],"wp:attachment":[{"href":"https:\/\/eldiariodesanpedro.com.ar\/sitio\/wp-json\/wp\/v2\/media?parent=77013"}],"wp:term":[{"taxonomy":"category","embeddable":true,"href":"https:\/\/eldiariodesanpedro.com.ar\/sitio\/wp-json\/wp\/v2\/categories?post=77013"},{"taxonomy":"post_tag","embeddable":true,"href":"https:\/\/eldiariodesanpedro.com.ar\/sitio\/wp-json\/wp\/v2\/tags?post=77013"}],"curies":[{"name":"wp","href":"https:\/\/api.w.org\/{rel}","templated":true}]}}