{"id":76976,"date":"2020-07-01T11:09:07","date_gmt":"2020-07-01T14:09:07","guid":{"rendered":"https:\/\/eldiariodesanpedro.com.ar\/sitio\/?p=76976"},"modified":"2020-07-01T11:09:11","modified_gmt":"2020-07-01T14:09:11","slug":"edicto-de-sucesion-de-jose-cebreiros","status":"publish","type":"post","link":"https:\/\/eldiariodesanpedro.com.ar\/sitio\/edicto-de-sucesion-de-jose-cebreiros\/","title":{"rendered":"Edicto de Sucesi\u00f3n de Jose Cebreiros"},"content":{"rendered":"<!-- VideographyWP Plugin Message: Automatic video embedding prevented by plugin options. -->\n\n<p>El Juzgado de Paz Letrado de San&nbsp; Pedro, Secretar\u00eda \u00danica , cita y emplaza por treinta d\u00edas&nbsp;a herederos y acreedores de JOSE CEBREIROS.- San Pedro, 29 de Junio de 2020.-<\/p>\n\n\n\n<p>DR. FACUNDO VELLON&nbsp;<br>ABOGADO SECRETARIO&nbsp;<\/p>\n\n\n<a href=\"https:\/\/eldiariodesanpedro.com.ar\/sitio\/wp-content\/uploads\/2020\/06\/EDICTO-CEBREIROS-JOSE.pdf\" class=\"pdfemb-viewer\" style=\"\" data-width=\"max\" data-height=\"max\" data-toolbar=\"bottom\" data-toolbar-fixed=\"off\">EDICTO-CEBREIROS-JOSE<\/a>\n<p class=\"wp-block-pdfemb-pdf-embedder-viewer\"><\/p>\n","protected":false},"excerpt":{"rendered":"<p>El Juzgado de Paz Letrado de San&nbsp; Pedro, Secretar\u00eda \u00danica , cita y emplaza por treinta d\u00edas&nbsp;a herederos y acreedores de JOSE CEBREIROS.- San Pedro, 29 de Junio de 2020.- DR. FACUNDO VELLON&nbsp;ABOGADO SECRETARIO&nbsp;<\/p>\n","protected":false},"author":4,"featured_media":76978,"comment_status":"open","ping_status":"closed","sticky":false,"template":"","format":"standard","meta":{"om_disable_all_campaigns":false,"_jetpack_memberships_contains_paid_content":false,"footnotes":""},"categories":[676,677],"tags":[1121,1355,1122],"class_list":["post-76976","post","type-post","status-publish","format-standard","has-post-thumbnail","hentry","category-edictos","category-edictos-sucesorios","tag-edicto","tag-judiciales","tag-sucesion"],"aioseo_notices":[],"gutentor_comment":0,"jetpack_featured_media_url":"https:\/\/eldiariodesanpedro.com.ar\/sitio\/wp-content\/uploads\/2020\/06\/Edictos-4-1-5.jpg","jetpack_shortlink":"https:\/\/wp.me\/p6RhLt-k1y","jetpack_sharing_enabled":true,"_links":{"self":[{"href":"https:\/\/eldiariodesanpedro.com.ar\/sitio\/wp-json\/wp\/v2\/posts\/76976","targetHints":{"allow":["GET"]}}],"collection":[{"href":"https:\/\/eldiariodesanpedro.com.ar\/sitio\/wp-json\/wp\/v2\/posts"}],"about":[{"href":"https:\/\/eldiariodesanpedro.com.ar\/sitio\/wp-json\/wp\/v2\/types\/post"}],"author":[{"embeddable":true,"href":"https:\/\/eldiariodesanpedro.com.ar\/sitio\/wp-json\/wp\/v2\/users\/4"}],"replies":[{"embeddable":true,"href":"https:\/\/eldiariodesanpedro.com.ar\/sitio\/wp-json\/wp\/v2\/comments?post=76976"}],"version-history":[{"count":2,"href":"https:\/\/eldiariodesanpedro.com.ar\/sitio\/wp-json\/wp\/v2\/posts\/76976\/revisions"}],"predecessor-version":[{"id":77005,"href":"https:\/\/eldiariodesanpedro.com.ar\/sitio\/wp-json\/wp\/v2\/posts\/76976\/revisions\/77005"}],"wp:featuredmedia":[{"embeddable":true,"href":"https:\/\/eldiariodesanpedro.com.ar\/sitio\/wp-json\/wp\/v2\/media\/76978"}],"wp:attachment":[{"href":"https:\/\/eldiariodesanpedro.com.ar\/sitio\/wp-json\/wp\/v2\/media?parent=76976"}],"wp:term":[{"taxonomy":"category","embeddable":true,"href":"https:\/\/eldiariodesanpedro.com.ar\/sitio\/wp-json\/wp\/v2\/categories?post=76976"},{"taxonomy":"post_tag","embeddable":true,"href":"https:\/\/eldiariodesanpedro.com.ar\/sitio\/wp-json\/wp\/v2\/tags?post=76976"}],"curies":[{"name":"wp","href":"https:\/\/api.w.org\/{rel}","templated":true}]}}