{"id":76960,"date":"2020-06-30T20:30:22","date_gmt":"2020-06-30T23:30:22","guid":{"rendered":"https:\/\/eldiariodesanpedro.com.ar\/sitio\/?p=76960"},"modified":"2020-06-30T20:30:25","modified_gmt":"2020-06-30T23:30:25","slug":"denuncian-un-abuso-ocurrido-20-anos-atras-por-el-pastor-con-covid-positivo-en-la-comisaria-de-la-mujer","status":"publish","type":"post","link":"https:\/\/eldiariodesanpedro.com.ar\/sitio\/denuncian-un-abuso-ocurrido-20-anos-atras-por-el-pastor-con-covid-positivo-en-la-comisaria-de-la-mujer\/","title":{"rendered":"Denuncian un abuso ocurrido 20 a\u00f1os atr\u00e1s por el pastor con covid positivo en la comisaria de la mujer"},"content":{"rendered":"<!-- VideographyWP Plugin Message: Automatic video embedding prevented by plugin options. -->\n\n<p>En el d\u00eda de hoy en horas de la tarde noche, en la comisaria de la mujer se realizo una denuncia por parte de una femenina de 32 a\u00f1os que declaro que fue abusada reiteradas veces por un hombre cuando ella tenia entre 10 y 13  a\u00f1os de edad.<\/p>\n\n\n\n<p>Una mujer de 32 a\u00f1os de edad se hizo presente acompa\u00f1ada de una representante del movimiento Minerva Miraval y el personal de la Secretaria de Desarrollo Humano para realizar denunciar al Pastor que dio Positivo de Coronavirus en una causa por abuso.<\/p>\n\n\n\n<p>Durante la jornada de este martes hab\u00eda circulado entre las redes sociales una versi\u00f3n que esta persona habr\u00eda abusado de una joven, y en el d\u00eda de la fecha despu\u00e9s de 20 a\u00f1os de que ocurriera el hecho la victima decidi\u00f3 realizar la denuncia judicial.<\/p>\n\n\n\n<p>Todo sucedi\u00f3 cuando ella tenia entre 10 y 13 a\u00f1os, y durante todo este tiempo estuvo con tratamiento psiqui\u00e1trico para poder superar lo sucedido. Al tomar estado publico la identidad de este pastor, su pareja actual le dio la fuerza necesaria a la victima para poder dar a conocer su historia.<\/p>\n\n\n\n<p>La declaraci\u00f3n asegura que no solo ella fue victima sino otras j\u00f3venes fueron abusadas por parte de este hombre de 55 a\u00f1os.<\/p>\n\n\n\n<p>Tambi\u00e9n la denunciante tendr\u00eda las versiones de que en la actualidad podr\u00eda haber hecho lo mismo con j\u00f3venes que concurren a su iglesia.<\/p>\n\n\n\n<p>Tomara intervenci\u00f3n la fiscalia de turno para la investigaci\u00f3n del hecho ocurrido 20 a\u00f1os atr\u00e1s, por lo que se realizaran las pericias necesarias a la victima.<\/p>\n","protected":false},"excerpt":{"rendered":"<p>En el d\u00eda de hoy en horas de la tarde noche, en la comisaria de la mujer se realizo una denuncia por parte de una femenina de 32 a\u00f1os que declaro que fue abusada reiteradas veces por un hombre cuando ella tenia entre 10 y 13 a\u00f1os de edad. Una mujer de 32 a\u00f1os de [&hellip;]<\/p>\n","protected":false},"author":4,"featured_media":76961,"comment_status":"open","ping_status":"closed","sticky":false,"template":"","format":"standard","meta":{"om_disable_all_campaigns":false,"_jetpack_memberships_contains_paid_content":false,"footnotes":""},"categories":[50,101,2],"tags":[1025,197,1136,1649,808,39,1650],"class_list":["post-76960","post","type-post","status-publish","format-standard","has-post-thumbnail","hentry","category-destacadas","category-interes-general-locales","category-locales","tag-abuso-sexual","tag-buenos-aires","tag-comisaria","tag-comisaria-de-la-mujer","tag-coronavirus","tag-denuncia","tag-pastor"],"aioseo_notices":[],"gutentor_comment":0,"jetpack_featured_media_url":"https:\/\/eldiariodesanpedro.com.ar\/sitio\/wp-content\/uploads\/2020\/06\/la-comisaria-de-la-mujer___w9ngJVkEw_1256x620__2-e1593552150710.jpg","jetpack_shortlink":"https:\/\/wp.me\/p6RhLt-k1i","jetpack_sharing_enabled":true,"_links":{"self":[{"href":"https:\/\/eldiariodesanpedro.com.ar\/sitio\/wp-json\/wp\/v2\/posts\/76960","targetHints":{"allow":["GET"]}}],"collection":[{"href":"https:\/\/eldiariodesanpedro.com.ar\/sitio\/wp-json\/wp\/v2\/posts"}],"about":[{"href":"https:\/\/eldiariodesanpedro.com.ar\/sitio\/wp-json\/wp\/v2\/types\/post"}],"author":[{"embeddable":true,"href":"https:\/\/eldiariodesanpedro.com.ar\/sitio\/wp-json\/wp\/v2\/users\/4"}],"replies":[{"embeddable":true,"href":"https:\/\/eldiariodesanpedro.com.ar\/sitio\/wp-json\/wp\/v2\/comments?post=76960"}],"version-history":[{"count":2,"href":"https:\/\/eldiariodesanpedro.com.ar\/sitio\/wp-json\/wp\/v2\/posts\/76960\/revisions"}],"predecessor-version":[{"id":76980,"href":"https:\/\/eldiariodesanpedro.com.ar\/sitio\/wp-json\/wp\/v2\/posts\/76960\/revisions\/76980"}],"wp:featuredmedia":[{"embeddable":true,"href":"https:\/\/eldiariodesanpedro.com.ar\/sitio\/wp-json\/wp\/v2\/media\/76961"}],"wp:attachment":[{"href":"https:\/\/eldiariodesanpedro.com.ar\/sitio\/wp-json\/wp\/v2\/media?parent=76960"}],"wp:term":[{"taxonomy":"category","embeddable":true,"href":"https:\/\/eldiariodesanpedro.com.ar\/sitio\/wp-json\/wp\/v2\/categories?post=76960"},{"taxonomy":"post_tag","embeddable":true,"href":"https:\/\/eldiariodesanpedro.com.ar\/sitio\/wp-json\/wp\/v2\/tags?post=76960"}],"curies":[{"name":"wp","href":"https:\/\/api.w.org\/{rel}","templated":true}]}}