{"id":76948,"date":"2020-06-30T17:51:34","date_gmt":"2020-06-30T20:51:34","guid":{"rendered":"https:\/\/eldiariodesanpedro.com.ar\/sitio\/?p=76948"},"modified":"2020-06-30T17:51:38","modified_gmt":"2020-06-30T20:51:38","slug":"san-nicolas-desde-la-carcel-de-junin-realizaban-llamadas-extorsivas-a-san-nicolas","status":"publish","type":"post","link":"https:\/\/eldiariodesanpedro.com.ar\/sitio\/san-nicolas-desde-la-carcel-de-junin-realizaban-llamadas-extorsivas-a-san-nicolas\/","title":{"rendered":"SAN NICOL\u00c1S | Desde la c\u00e1rcel de Jun\u00edn realizaban llamadas extorsivas a San Nicol\u00e1s"},"content":{"rendered":"<!-- VideographyWP Plugin Message: Automatic video embedding prevented by plugin options. -->\n\n<p><strong>A ra\u00edz de una investigaci\u00f3n de las DDI de San Nicol\u00e1s y Jun\u00edn por una serie de llamadas extorsivas que se efectuaban a nuestra ciudad se determin\u00f3 que las mismas se estar\u00edan realizando desde una celda de la c\u00e1rcel de Jun\u00edn y una mujer se encargar\u00eda de hacer lo cobros.<\/strong><\/p>\n\n\n\n<p>En el marco de la investigaci\u00f3n de una serie de llamados extorsivos, grupo operativo de la DDI I San Nicol\u00e1s en forma conjunta con personal de la DDI de Jun\u00edn de tareas investigativas realizadas, declaraciones testimoniales recepcionadas, escuchas telef\u00f3nicas, lograron establecer la identidad del autor material del hecho el cual tambi\u00e9n habr\u00eda cometido il\u00edcitos en nuestra localidad, respecto a lo cuales se est\u00e1n trabajando para establecer cuales ser\u00edan las v\u00edctimas. Quien estar\u00eda realizando los llamados extorsivos es una persona que se encontrar\u00eda presa en la Unidad Penitenciaria de Jun\u00edn y desde all\u00ed realizar\u00eda los llamados telef\u00f3nicos y su pareja se encargar\u00eda de ir a retirar el dinero solicitado.<\/p>\n\n\n\n<p><strong>Allanamientos<\/strong><\/p>\n\n\n\n<p>De las pesquisas obtenidas en la presente investigaci\u00f3n se efectiviz\u00f3 el domingo un allanamiento en horas tempranas en el domicilio de la mujer sito en calle Schubert al 1800, arrojando resultado positivo procediendo a la detenci\u00f3n de la misma y al secuestro de tres tel\u00e9fonos celulares; como as\u00ed tambi\u00e9n se procedi\u00f3 a la detenci\u00f3n de un individuo mayor de edad que se encontraba en el lugar, el cual posee un pedido de captura activa en el marco de una causa caratulada comercializaci\u00f3n de estupefacientes a requerimiento de UFI N\u00b01 DJSN. Los magistrados intervinientes avalaron lo actuado y dispusieron recaudos legales de rigor.La investigaci\u00f3n se llev\u00f3 a cabo con Unidad Funcional de Instrucci\u00f3n N\u00b05 del Depto. Judicial Jun\u00edn.<\/p>\n\n\n\n<p>Fuente: <a href=\"https:\/\/diarioelnorte.com.ar\/nota?id_noticia=6771\">Diario El Norte<\/a><\/p>\n","protected":false},"excerpt":{"rendered":"<p>A ra\u00edz de una investigaci\u00f3n de las DDI de San Nicol\u00e1s y Jun\u00edn por una serie de llamadas extorsivas que se efectuaban a nuestra ciudad se determin\u00f3 que las mismas se estar\u00edan realizando desde una celda de la c\u00e1rcel de Jun\u00edn y una mujer se encargar\u00eda de hacer lo cobros. En el marco de la [&hellip;]<\/p>\n","protected":false},"author":4,"featured_media":76949,"comment_status":"open","ping_status":"closed","sticky":false,"template":"","format":"standard","meta":{"om_disable_all_campaigns":false,"_jetpack_memberships_contains_paid_content":false,"footnotes":""},"categories":[621],"tags":[197,681],"class_list":["post-76948","post","type-post","status-publish","format-standard","has-post-thumbnail","hentry","category-regionales","tag-buenos-aires","tag-regionales"],"aioseo_notices":[],"gutentor_comment":0,"jetpack_featured_media_url":"https:\/\/eldiariodesanpedro.com.ar\/sitio\/wp-content\/uploads\/2020\/06\/0-8.jpg","jetpack_shortlink":"https:\/\/wp.me\/p6RhLt-k16","jetpack_sharing_enabled":true,"_links":{"self":[{"href":"https:\/\/eldiariodesanpedro.com.ar\/sitio\/wp-json\/wp\/v2\/posts\/76948","targetHints":{"allow":["GET"]}}],"collection":[{"href":"https:\/\/eldiariodesanpedro.com.ar\/sitio\/wp-json\/wp\/v2\/posts"}],"about":[{"href":"https:\/\/eldiariodesanpedro.com.ar\/sitio\/wp-json\/wp\/v2\/types\/post"}],"author":[{"embeddable":true,"href":"https:\/\/eldiariodesanpedro.com.ar\/sitio\/wp-json\/wp\/v2\/users\/4"}],"replies":[{"embeddable":true,"href":"https:\/\/eldiariodesanpedro.com.ar\/sitio\/wp-json\/wp\/v2\/comments?post=76948"}],"version-history":[{"count":1,"href":"https:\/\/eldiariodesanpedro.com.ar\/sitio\/wp-json\/wp\/v2\/posts\/76948\/revisions"}],"predecessor-version":[{"id":76950,"href":"https:\/\/eldiariodesanpedro.com.ar\/sitio\/wp-json\/wp\/v2\/posts\/76948\/revisions\/76950"}],"wp:featuredmedia":[{"embeddable":true,"href":"https:\/\/eldiariodesanpedro.com.ar\/sitio\/wp-json\/wp\/v2\/media\/76949"}],"wp:attachment":[{"href":"https:\/\/eldiariodesanpedro.com.ar\/sitio\/wp-json\/wp\/v2\/media?parent=76948"}],"wp:term":[{"taxonomy":"category","embeddable":true,"href":"https:\/\/eldiariodesanpedro.com.ar\/sitio\/wp-json\/wp\/v2\/categories?post=76948"},{"taxonomy":"post_tag","embeddable":true,"href":"https:\/\/eldiariodesanpedro.com.ar\/sitio\/wp-json\/wp\/v2\/tags?post=76948"}],"curies":[{"name":"wp","href":"https:\/\/api.w.org\/{rel}","templated":true}]}}