{"id":76942,"date":"2020-06-30T13:20:05","date_gmt":"2020-06-30T16:20:05","guid":{"rendered":"https:\/\/eldiariodesanpedro.com.ar\/sitio\/?p=76942"},"modified":"2020-06-30T13:20:08","modified_gmt":"2020-06-30T16:20:08","slug":"30-de-junio-dia-de-la-prefectura-naval-argentina","status":"publish","type":"post","link":"https:\/\/eldiariodesanpedro.com.ar\/sitio\/30-de-junio-dia-de-la-prefectura-naval-argentina\/","title":{"rendered":"30 de junio: D\u00eda de la Prefectura Naval Argentina"},"content":{"rendered":"<!-- VideographyWP Plugin Message: Automatic video embedding prevented by plugin options. -->\n\n<p>El 30 de junio de 1810, por decreto de la Primera Junta, el Coronel Mart\u00edn Jacobo Thompson fue nombrado primer Capit\u00e1n de Puerto de las Provincias Unidas del R\u00edo de la Plata. Este acontecimiento hist\u00f3rico fue el que puso fecha al D\u00eda de la Prefectura Naval en Argentina.<\/p>\n\n\n\n<p>La Prefectura Naval Argentina es la principal fuerza de seguridad naval de la naci\u00f3n. Act\u00faa bajo la jurisdicci\u00f3n del Ministerio de Seguridad del pa\u00eds protegiendo de manera exclusiva todas las v\u00edas de navegaci\u00f3n interiores y exteriores del estado.<\/p>\n\n\n\n<p>Se trata de una autoridad mar\u00edtima que garantiza la navegaci\u00f3n y las vidas humanas, as\u00ed como los derechos y las obligaciones de aquellos cuyo oficio est\u00e1 relacionado con el mar o las actividades portuarias, aplicando las leyes pertinentes.<\/p>\n","protected":false},"excerpt":{"rendered":"<p>El 30 de junio de 1810, por decreto de la Primera Junta, el Coronel Mart\u00edn Jacobo Thompson fue nombrado primer Capit\u00e1n de Puerto de las Provincias Unidas del R\u00edo de la Plata. Este acontecimiento hist\u00f3rico fue el que puso fecha al D\u00eda de la Prefectura Naval en Argentina. La Prefectura Naval Argentina es la principal [&hellip;]<\/p>\n","protected":false},"author":4,"featured_media":76943,"comment_status":"open","ping_status":"closed","sticky":false,"template":"","format":"standard","meta":{"om_disable_all_campaigns":false,"_jetpack_memberships_contains_paid_content":false,"footnotes":""},"categories":[621],"tags":[657,787,681],"class_list":["post-76942","post","type-post","status-publish","format-standard","has-post-thumbnail","hentry","category-regionales","tag-argentina","tag-prefectura","tag-regionales"],"aioseo_notices":[],"gutentor_comment":0,"jetpack_featured_media_url":"https:\/\/eldiariodesanpedro.com.ar\/sitio\/wp-content\/uploads\/2020\/06\/Mantilla.jpg","jetpack_shortlink":"https:\/\/wp.me\/p6RhLt-k10","jetpack_sharing_enabled":true,"_links":{"self":[{"href":"https:\/\/eldiariodesanpedro.com.ar\/sitio\/wp-json\/wp\/v2\/posts\/76942","targetHints":{"allow":["GET"]}}],"collection":[{"href":"https:\/\/eldiariodesanpedro.com.ar\/sitio\/wp-json\/wp\/v2\/posts"}],"about":[{"href":"https:\/\/eldiariodesanpedro.com.ar\/sitio\/wp-json\/wp\/v2\/types\/post"}],"author":[{"embeddable":true,"href":"https:\/\/eldiariodesanpedro.com.ar\/sitio\/wp-json\/wp\/v2\/users\/4"}],"replies":[{"embeddable":true,"href":"https:\/\/eldiariodesanpedro.com.ar\/sitio\/wp-json\/wp\/v2\/comments?post=76942"}],"version-history":[{"count":1,"href":"https:\/\/eldiariodesanpedro.com.ar\/sitio\/wp-json\/wp\/v2\/posts\/76942\/revisions"}],"predecessor-version":[{"id":76944,"href":"https:\/\/eldiariodesanpedro.com.ar\/sitio\/wp-json\/wp\/v2\/posts\/76942\/revisions\/76944"}],"wp:featuredmedia":[{"embeddable":true,"href":"https:\/\/eldiariodesanpedro.com.ar\/sitio\/wp-json\/wp\/v2\/media\/76943"}],"wp:attachment":[{"href":"https:\/\/eldiariodesanpedro.com.ar\/sitio\/wp-json\/wp\/v2\/media?parent=76942"}],"wp:term":[{"taxonomy":"category","embeddable":true,"href":"https:\/\/eldiariodesanpedro.com.ar\/sitio\/wp-json\/wp\/v2\/categories?post=76942"},{"taxonomy":"post_tag","embeddable":true,"href":"https:\/\/eldiariodesanpedro.com.ar\/sitio\/wp-json\/wp\/v2\/tags?post=76942"}],"curies":[{"name":"wp","href":"https:\/\/api.w.org\/{rel}","templated":true}]}}