{"id":76940,"date":"2020-06-30T13:15:28","date_gmt":"2020-06-30T16:15:28","guid":{"rendered":"https:\/\/eldiariodesanpedro.com.ar\/sitio\/?p=76940"},"modified":"2020-06-30T13:15:31","modified_gmt":"2020-06-30T16:15:31","slug":"anses-prorrogo-la-suspension-del-tramite-de-supervivencia-para-el-cobro-de-julio-y-agosto","status":"publish","type":"post","link":"https:\/\/eldiariodesanpedro.com.ar\/sitio\/anses-prorrogo-la-suspension-del-tramite-de-supervivencia-para-el-cobro-de-julio-y-agosto\/","title":{"rendered":"ANSES prorrog\u00f3 la suspensi\u00f3n del tr\u00e1mite de supervivencia para el cobro de Julio y Agosto"},"content":{"rendered":"<!-- VideographyWP Plugin Message: Automatic video embedding prevented by plugin options. -->\n\n<p>De acuerdo con la Resoluci\u00f3n n\u00famero 235\/2020 publicada hoy en el Bolet\u00edn Oficial, la ANSES decidi\u00f3 prorrogar la suspensi\u00f3n de la realizaci\u00f3n del tr\u00e1mite de supervivencia\/ Fe de Vida para los jubilados y pensionados para el cobro de las prestaciones de los meses de julio y agosto.<\/p>\n\n\n\n<p>Esto significa que no es necesario que los beneficiarios concurran a los bancos para hacer el tr\u00e1mite.<\/p>\n\n\n\n<p>La medida tiene como objetivo garantizar el cobro de las jubilaciones, pensiones y Pensiones No Contributivas (PNC) en el marco de la pandemia por el Covid-19<\/p>\n","protected":false},"excerpt":{"rendered":"<p>De acuerdo con la Resoluci\u00f3n n\u00famero 235\/2020 publicada hoy en el Bolet\u00edn Oficial, la ANSES decidi\u00f3 prorrogar la suspensi\u00f3n de la realizaci\u00f3n del tr\u00e1mite de supervivencia\/ Fe de Vida para los jubilados y pensionados para el cobro de las prestaciones de los meses de julio y agosto. Esto significa que no es necesario que los [&hellip;]<\/p>\n","protected":false},"author":4,"featured_media":74790,"comment_status":"open","ping_status":"closed","sticky":false,"template":"","format":"standard","meta":{"om_disable_all_campaigns":false,"_jetpack_memberships_contains_paid_content":false,"footnotes":""},"categories":[101,2],"tags":[1237,19],"class_list":["post-76940","post","type-post","status-publish","format-standard","has-post-thumbnail","hentry","category-interes-general-locales","category-locales","tag-prorroga","tag-san-pedro"],"aioseo_notices":[],"gutentor_comment":0,"jetpack_featured_media_url":"https:\/\/eldiariodesanpedro.com.ar\/sitio\/wp-content\/uploads\/2020\/06\/anses-4.jpg","jetpack_shortlink":"https:\/\/wp.me\/p6RhLt-k0Y","jetpack_sharing_enabled":true,"_links":{"self":[{"href":"https:\/\/eldiariodesanpedro.com.ar\/sitio\/wp-json\/wp\/v2\/posts\/76940","targetHints":{"allow":["GET"]}}],"collection":[{"href":"https:\/\/eldiariodesanpedro.com.ar\/sitio\/wp-json\/wp\/v2\/posts"}],"about":[{"href":"https:\/\/eldiariodesanpedro.com.ar\/sitio\/wp-json\/wp\/v2\/types\/post"}],"author":[{"embeddable":true,"href":"https:\/\/eldiariodesanpedro.com.ar\/sitio\/wp-json\/wp\/v2\/users\/4"}],"replies":[{"embeddable":true,"href":"https:\/\/eldiariodesanpedro.com.ar\/sitio\/wp-json\/wp\/v2\/comments?post=76940"}],"version-history":[{"count":1,"href":"https:\/\/eldiariodesanpedro.com.ar\/sitio\/wp-json\/wp\/v2\/posts\/76940\/revisions"}],"predecessor-version":[{"id":76941,"href":"https:\/\/eldiariodesanpedro.com.ar\/sitio\/wp-json\/wp\/v2\/posts\/76940\/revisions\/76941"}],"wp:featuredmedia":[{"embeddable":true,"href":"https:\/\/eldiariodesanpedro.com.ar\/sitio\/wp-json\/wp\/v2\/media\/74790"}],"wp:attachment":[{"href":"https:\/\/eldiariodesanpedro.com.ar\/sitio\/wp-json\/wp\/v2\/media?parent=76940"}],"wp:term":[{"taxonomy":"category","embeddable":true,"href":"https:\/\/eldiariodesanpedro.com.ar\/sitio\/wp-json\/wp\/v2\/categories?post=76940"},{"taxonomy":"post_tag","embeddable":true,"href":"https:\/\/eldiariodesanpedro.com.ar\/sitio\/wp-json\/wp\/v2\/tags?post=76940"}],"curies":[{"name":"wp","href":"https:\/\/api.w.org\/{rel}","templated":true}]}}