{"id":76932,"date":"2020-06-30T11:53:11","date_gmt":"2020-06-30T14:53:11","guid":{"rendered":"https:\/\/eldiariodesanpedro.com.ar\/sitio\/?p=76932"},"modified":"2020-06-30T11:53:14","modified_gmt":"2020-06-30T14:53:14","slug":"cgt-regional-san-pedro-baradero-propone-volver-a-fase-1-por-15-dias","status":"publish","type":"post","link":"https:\/\/eldiariodesanpedro.com.ar\/sitio\/cgt-regional-san-pedro-baradero-propone-volver-a-fase-1-por-15-dias\/","title":{"rendered":"CGT Regional San Pedro &#8211; Baradero propone volver a fase 1 por 15 d\u00edas"},"content":{"rendered":"<!-- VideographyWP Plugin Message: Automatic video embedding prevented by plugin options. -->\n\n<p>En la noche de ayer tras la reuni\u00f3n que se llevo a cabo por parte del comit\u00e9 de crisis en el palacio municipal la CGT Regional a cargo del \u00abMono\u00bb Acosta emiti\u00f3 un comunicado solicitando volver a fase 1<\/p>\n\n\n\n<p><em>\u00abEn San Pedro ya hay 52 casos positivos de coronavirus y m\u00e1s de 200 aislados! Suponiendo que esas 200 personas han estado en contacto cada uno con al menos 5 personas m\u00e1s ya ser\u00edan 1000 contactos estrechos potenciales y que de ahi teniendo en cuenta el promedio de contagios,solo haya 50 positivos ya tendr\u00edamos un total de 102 infectados.<\/em><\/p>\n\n\n\n<p><em>Con solo 30 personas a las que se le agraven sus funciones respiratorias comienza un dilema entre los profesionales de la salud dado que tendr\u00edan que priorizar en cada uno de los casos quien recibe asistencia mec\u00e1nica y qui\u00e9n no .Por qu\u00e9 ? Porque solo tenemos 20 respiradores para toda la poblaci\u00f3n de San Pedro. <\/em><\/p>\n\n\n\n<p><em>Por esto, hoy en la reuni\u00f3n del Comit\u00e9 de Crisis propusimos volver a fase 1 por 15 d\u00edas. Sabemos que muchos no estar\u00e1n de acuerdo con esta propuesta, pero considerando la situaci\u00f3n cr\u00edtica que atravesamos y m\u00e1s a\u00fan con la inconsciencia de algunos infectados que circulan rompiendo el aislamiento contagiando a ciudadanos y poniendo en riesgo el sistema de salud y a la poblaci\u00f3n de nuestro Partido.<\/em><\/p>\n\n\n\n<p>Si seguimos en esta curva ascendente los Centros de Salud , el Hospital y las Cl\u00ednicas van a colapsar. De la crisis podemos salir, de la muerte no volvemos m\u00e1s\u00bb.<\/p>\n","protected":false},"excerpt":{"rendered":"<p>En la noche de ayer tras la reuni\u00f3n que se llevo a cabo por parte del comit\u00e9 de crisis en el palacio municipal la CGT Regional a cargo del \u00abMono\u00bb Acosta emiti\u00f3 un comunicado solicitando volver a fase 1 \u00abEn San Pedro ya hay 52 casos positivos de coronavirus y m\u00e1s de 200 aislados! Suponiendo [&hellip;]<\/p>\n","protected":false},"author":4,"featured_media":76933,"comment_status":"open","ping_status":"closed","sticky":false,"template":"","format":"standard","meta":{"om_disable_all_campaigns":false,"_jetpack_memberships_contains_paid_content":false,"footnotes":""},"categories":[50,101,2],"tags":[197,33],"class_list":["post-76932","post","type-post","status-publish","format-standard","has-post-thumbnail","hentry","category-destacadas","category-interes-general-locales","category-locales","tag-buenos-aires","tag-locales"],"aioseo_notices":[],"gutentor_comment":1,"jetpack_featured_media_url":"https:\/\/eldiariodesanpedro.com.ar\/sitio\/wp-content\/uploads\/2020\/06\/106271397_1218054875202163_2420397087237438042_n.jpg","jetpack_shortlink":"https:\/\/wp.me\/p6RhLt-k0Q","jetpack_sharing_enabled":true,"_links":{"self":[{"href":"https:\/\/eldiariodesanpedro.com.ar\/sitio\/wp-json\/wp\/v2\/posts\/76932","targetHints":{"allow":["GET"]}}],"collection":[{"href":"https:\/\/eldiariodesanpedro.com.ar\/sitio\/wp-json\/wp\/v2\/posts"}],"about":[{"href":"https:\/\/eldiariodesanpedro.com.ar\/sitio\/wp-json\/wp\/v2\/types\/post"}],"author":[{"embeddable":true,"href":"https:\/\/eldiariodesanpedro.com.ar\/sitio\/wp-json\/wp\/v2\/users\/4"}],"replies":[{"embeddable":true,"href":"https:\/\/eldiariodesanpedro.com.ar\/sitio\/wp-json\/wp\/v2\/comments?post=76932"}],"version-history":[{"count":1,"href":"https:\/\/eldiariodesanpedro.com.ar\/sitio\/wp-json\/wp\/v2\/posts\/76932\/revisions"}],"predecessor-version":[{"id":76934,"href":"https:\/\/eldiariodesanpedro.com.ar\/sitio\/wp-json\/wp\/v2\/posts\/76932\/revisions\/76934"}],"wp:featuredmedia":[{"embeddable":true,"href":"https:\/\/eldiariodesanpedro.com.ar\/sitio\/wp-json\/wp\/v2\/media\/76933"}],"wp:attachment":[{"href":"https:\/\/eldiariodesanpedro.com.ar\/sitio\/wp-json\/wp\/v2\/media?parent=76932"}],"wp:term":[{"taxonomy":"category","embeddable":true,"href":"https:\/\/eldiariodesanpedro.com.ar\/sitio\/wp-json\/wp\/v2\/categories?post=76932"},{"taxonomy":"post_tag","embeddable":true,"href":"https:\/\/eldiariodesanpedro.com.ar\/sitio\/wp-json\/wp\/v2\/tags?post=76932"}],"curies":[{"name":"wp","href":"https:\/\/api.w.org\/{rel}","templated":true}]}}