{"id":76923,"date":"2020-06-30T10:37:21","date_gmt":"2020-06-30T13:37:21","guid":{"rendered":"https:\/\/eldiariodesanpedro.com.ar\/sitio\/?p=76923"},"modified":"2020-06-30T10:37:22","modified_gmt":"2020-06-30T13:37:22","slug":"situacion-economica-de-los-comercios-en-san-pedro","status":"publish","type":"post","link":"https:\/\/eldiariodesanpedro.com.ar\/sitio\/situacion-economica-de-los-comercios-en-san-pedro\/","title":{"rendered":"Situaci\u00f3n econ\u00f3mica de los comercios en San Pedro"},"content":{"rendered":"<!-- VideographyWP Plugin Message: Automatic video embedding prevented by plugin options. -->\n\n<p>La Secretar\u00eda de Desarrollo Econ\u00f3mico de la Municipalidad de San Pedro ha concluido con la recepci\u00f3n de respuestas y la elaboraci\u00f3n del informe correspondiente a la encuesta elaborada por el \u00e1rea.<\/p>\n\n\n\n<p>La misma cuyos resultados se ponen a disposici\u00f3n, fue voluntaria durante el per\u00edodo comprendido entre el 15 de Mayo y el 15 de Junio. Se procesaron 87 respuestas, correspondiendo el 47% corresponde a comercios en general.<\/p>\n\n\n\n<p>El 59% se\u00f1al\u00f3 que realiz\u00f3 ajustes en su modalidad de comercializar, incluyendo entregas a domicilio, ventas por redes sociales y otros medios digitales y a trav\u00e9s de promociones.<\/p>\n\n\n\n<p>El 28% inform\u00f3 que continu\u00f3 pagando el alquiler en condiciones habituales y un 34% lo hizo parcialmente, con acuerdo o no del locatario.<\/p>\n\n\n\n<p>El 73% se\u00f1al\u00f3 alg\u00fan tipo de endeudamiento en este per\u00edodo. El 9% recibi\u00f3 financiaci\u00f3n del Programa ATP, el 10% de la L\u00ednea cr\u00e9dito tasa 24% y el 21% de los monotributistas y aut\u00f3nomos con tasa 0%.<\/p>\n\n\n\n<p>Se considera un dato relevante que para cuando se ponga en marcha el proceso post-pandemia, el 79% ya contempla protocolos de higiene implementados y el 14% est\u00e1 en proceso de obtenerlo.<\/p>\n\n\n\n<p>Considerando la complejidad del momento que se atraviesa y las dificultades conocidas por todos, es muy valioso el aporte de todos los que accedieron a compartir su informaci\u00f3n que ser\u00e1 considerada en todas las acciones que lleva adelante el gobierno municipal.<\/p>\n","protected":false},"excerpt":{"rendered":"<p>La Secretar\u00eda de Desarrollo Econ\u00f3mico de la Municipalidad de San Pedro ha concluido con la recepci\u00f3n de respuestas y la elaboraci\u00f3n del informe correspondiente a la encuesta elaborada por el \u00e1rea. La misma cuyos resultados se ponen a disposici\u00f3n, fue voluntaria durante el per\u00edodo comprendido entre el 15 de Mayo y el 15 de Junio. [&hellip;]<\/p>\n","protected":false},"author":4,"featured_media":76924,"comment_status":"open","ping_status":"closed","sticky":false,"template":"","format":"standard","meta":{"om_disable_all_campaigns":false,"_jetpack_memberships_contains_paid_content":false,"footnotes":""},"categories":[50,101,2],"tags":[197],"class_list":["post-76923","post","type-post","status-publish","format-standard","has-post-thumbnail","hentry","category-destacadas","category-interes-general-locales","category-locales","tag-buenos-aires"],"aioseo_notices":[],"gutentor_comment":0,"jetpack_featured_media_url":"https:\/\/eldiariodesanpedro.com.ar\/sitio\/wp-content\/uploads\/2020\/06\/1575530179.jpg","jetpack_shortlink":"https:\/\/wp.me\/p6RhLt-k0H","jetpack_sharing_enabled":true,"_links":{"self":[{"href":"https:\/\/eldiariodesanpedro.com.ar\/sitio\/wp-json\/wp\/v2\/posts\/76923","targetHints":{"allow":["GET"]}}],"collection":[{"href":"https:\/\/eldiariodesanpedro.com.ar\/sitio\/wp-json\/wp\/v2\/posts"}],"about":[{"href":"https:\/\/eldiariodesanpedro.com.ar\/sitio\/wp-json\/wp\/v2\/types\/post"}],"author":[{"embeddable":true,"href":"https:\/\/eldiariodesanpedro.com.ar\/sitio\/wp-json\/wp\/v2\/users\/4"}],"replies":[{"embeddable":true,"href":"https:\/\/eldiariodesanpedro.com.ar\/sitio\/wp-json\/wp\/v2\/comments?post=76923"}],"version-history":[{"count":1,"href":"https:\/\/eldiariodesanpedro.com.ar\/sitio\/wp-json\/wp\/v2\/posts\/76923\/revisions"}],"predecessor-version":[{"id":76925,"href":"https:\/\/eldiariodesanpedro.com.ar\/sitio\/wp-json\/wp\/v2\/posts\/76923\/revisions\/76925"}],"wp:featuredmedia":[{"embeddable":true,"href":"https:\/\/eldiariodesanpedro.com.ar\/sitio\/wp-json\/wp\/v2\/media\/76924"}],"wp:attachment":[{"href":"https:\/\/eldiariodesanpedro.com.ar\/sitio\/wp-json\/wp\/v2\/media?parent=76923"}],"wp:term":[{"taxonomy":"category","embeddable":true,"href":"https:\/\/eldiariodesanpedro.com.ar\/sitio\/wp-json\/wp\/v2\/categories?post=76923"},{"taxonomy":"post_tag","embeddable":true,"href":"https:\/\/eldiariodesanpedro.com.ar\/sitio\/wp-json\/wp\/v2\/tags?post=76923"}],"curies":[{"name":"wp","href":"https:\/\/api.w.org\/{rel}","templated":true}]}}