{"id":76920,"date":"2020-06-30T10:26:38","date_gmt":"2020-06-30T13:26:38","guid":{"rendered":"https:\/\/eldiariodesanpedro.com.ar\/sitio\/?p=76920"},"modified":"2020-06-30T10:26:39","modified_gmt":"2020-06-30T13:26:39","slug":"caso-lencina-para-la-fiscal-ramos-las-escuchas-ubican-a-fernandez-y-guzman-en-la-escena-del-crimen","status":"publish","type":"post","link":"https:\/\/eldiariodesanpedro.com.ar\/sitio\/caso-lencina-para-la-fiscal-ramos-las-escuchas-ubican-a-fernandez-y-guzman-en-la-escena-del-crimen\/","title":{"rendered":"Caso Lencina: Para la Fiscal Ramos las escuchas ubican a Fern\u00e1ndez y Guzm\u00e1n en la escena del crimen"},"content":{"rendered":"<!-- VideographyWP Plugin Message: Automatic video embedding prevented by plugin options. -->\n\n<p>Los cruces de llamadas fueron determinantes para que la letrada\u00a0solicite la detenci\u00f3n de \u201cCachaca\u201d Guzm\u00e1n. Para la Ufi 11 el caso est\u00e1 pr\u00e1cticamente esclarecido.<\/p>\n\n\n\n<p>Con la detenci\u00f3n de Adri\u00e1n Ricardo Guzm\u00e1n, alias \u201cCachaca\u201d, la fiscal\u00eda dio un paso determinante para esclarecer el asesinato de Sebasti\u00e1n Milciades Lencina, acontecido el pasado 3 de junio.<\/p>\n\n\n\n<p>Las escuchas que surgieron del cruce de llamadas que se efectuaron en los \u00faltimos meses donde se investigaba el accionar de una banda dedicada a la venta de drogas, dispararon una secuencia de datos certeros que orientaron el curso de la investigaci\u00f3n para dar con los asesinos de Lencina.<\/p>\n\n\n\n<p>De all\u00ed surgi\u00f3 el nombre del segundo imputado detenido el viernes en una vivienda del barrio Banfield que en primera instancia ser\u00eda quien circulaba en la misma moto donde le dispararon a la v\u00edctima.<\/p>\n\n\n\n<p>La titular de la Ufi 11, Dra. Viviana Ramos, habl\u00f3 en el aire de FM G\u00e9nesis y asegur\u00f3 tener el caso pr\u00e1cticamente resuelto.<\/p>\n\n\n\n<p>\u201cVen\u00edamos recabando informaci\u00f3n tras el hecho acontecido a principios de mes donde el motivo principal fue la venta de drogas\u201d, cont\u00f3 la Fiscal.<\/p>\n\n\n\n<p>\u201cTen\u00edamos informaci\u00f3n de una red que llegaba hasta San Nicol\u00e1s, por eso le dimos participaci\u00f3n al Fiscal Patricio Mujica D\u00edaz\u201d.<\/p>\n\n\n\n<p>\u201cCon escuchas directas pudimos comprobar la comercializaci\u00f3n\u201d, afirm\u00f3 y agreg\u00f3: \u201cEn ese punto tuvimos la suerte que a trav\u00e9s de las declaraciones medi\u00e1ticas apuramos los tr\u00e1mites\u201d.<\/p>\n\n\n\n<p>\u201cEn esas escuchas tienen el valor de que hacen referencias concretas al momento en que le dan muerte a Lencina, en donde se hace menci\u00f3n a haber presenciado a los autores del hecho marcando a Lucas Fern\u00e1ndez y a Guzm\u00e1n en la escena del crimen\u201d, confirm\u00f3 la Fiscal Ramos.<\/p>\n\n\n\n<p>\u201cA Merlo se lo ubica en el incidente que sufre Paola Lencina en su vivienda los d\u00edas posteriores al homicidio\u201d.<\/p>\n\n\n\n<p>Para la profesional todo lo comprobado derriba la versi\u00f3n de Fern\u00e1ndez quien sosten\u00eda que el d\u00eda del hecho estaba en otro lugar. \u201cTodo est\u00e1 certificado judicialmente\u201d, se\u00f1al\u00f3 Ramos.<\/p>\n\n\n\n<p>\u201cPudimos advertir que Fern\u00e1ndez, en este u otros hechos en los que estuvo involucrado, siempre declar\u00f3 lo mismo, y ya estuvo condenado por un homicidio en donde la modalidad utilizada es similar a esta y eso lo tenemos en cuenta para mostr\u00e1rselo al juez\u201d, resalt\u00f3.<\/p>\n\n\n\n<p>En cuanto a la situaci\u00f3n del detenido el viernes la doctora manifest\u00f3: \u201cGuzm\u00e1n declar\u00f3 y manifest\u00f3 que es inocente, que no tuvo nada que ver en el hecho\u201d.<\/p>\n\n\n\n<p>Fuente: <a href=\"https:\/\/www.sanpedroinforma.com.ar\/nota\/123431\/interes-general\/caso-lencina-para-la-fiscal-ramos-las-escuchas-ubican-a-fernandez-y-guzman-en-la-escena-del-crimen.html\">San Pedro Informa<\/a><\/p>\n","protected":false},"excerpt":{"rendered":"<p>Los cruces de llamadas fueron determinantes para que la letrada\u00a0solicite la detenci\u00f3n de \u201cCachaca\u201d Guzm\u00e1n. Para la Ufi 11 el caso est\u00e1 pr\u00e1cticamente esclarecido. Con la detenci\u00f3n de Adri\u00e1n Ricardo Guzm\u00e1n, alias \u201cCachaca\u201d, la fiscal\u00eda dio un paso determinante para esclarecer el asesinato de Sebasti\u00e1n Milciades Lencina, acontecido el pasado 3 de junio. Las escuchas [&hellip;]<\/p>\n","protected":false},"author":4,"featured_media":76921,"comment_status":"open","ping_status":"closed","sticky":false,"template":"","format":"standard","meta":{"om_disable_all_campaigns":false,"_jetpack_memberships_contains_paid_content":false,"footnotes":""},"categories":[50,2,103],"tags":[197,1639,33],"class_list":["post-76920","post","type-post","status-publish","format-standard","has-post-thumbnail","hentry","category-destacadas","category-locales","category-policiales-locales","tag-buenos-aires","tag-fiscal-ramos","tag-locales"],"aioseo_notices":[],"gutentor_comment":0,"jetpack_featured_media_url":"https:\/\/eldiariodesanpedro.com.ar\/sitio\/wp-content\/uploads\/2020\/06\/000085066.jpg","jetpack_shortlink":"https:\/\/wp.me\/p6RhLt-k0E","jetpack_sharing_enabled":true,"_links":{"self":[{"href":"https:\/\/eldiariodesanpedro.com.ar\/sitio\/wp-json\/wp\/v2\/posts\/76920","targetHints":{"allow":["GET"]}}],"collection":[{"href":"https:\/\/eldiariodesanpedro.com.ar\/sitio\/wp-json\/wp\/v2\/posts"}],"about":[{"href":"https:\/\/eldiariodesanpedro.com.ar\/sitio\/wp-json\/wp\/v2\/types\/post"}],"author":[{"embeddable":true,"href":"https:\/\/eldiariodesanpedro.com.ar\/sitio\/wp-json\/wp\/v2\/users\/4"}],"replies":[{"embeddable":true,"href":"https:\/\/eldiariodesanpedro.com.ar\/sitio\/wp-json\/wp\/v2\/comments?post=76920"}],"version-history":[{"count":1,"href":"https:\/\/eldiariodesanpedro.com.ar\/sitio\/wp-json\/wp\/v2\/posts\/76920\/revisions"}],"predecessor-version":[{"id":76922,"href":"https:\/\/eldiariodesanpedro.com.ar\/sitio\/wp-json\/wp\/v2\/posts\/76920\/revisions\/76922"}],"wp:featuredmedia":[{"embeddable":true,"href":"https:\/\/eldiariodesanpedro.com.ar\/sitio\/wp-json\/wp\/v2\/media\/76921"}],"wp:attachment":[{"href":"https:\/\/eldiariodesanpedro.com.ar\/sitio\/wp-json\/wp\/v2\/media?parent=76920"}],"wp:term":[{"taxonomy":"category","embeddable":true,"href":"https:\/\/eldiariodesanpedro.com.ar\/sitio\/wp-json\/wp\/v2\/categories?post=76920"},{"taxonomy":"post_tag","embeddable":true,"href":"https:\/\/eldiariodesanpedro.com.ar\/sitio\/wp-json\/wp\/v2\/tags?post=76920"}],"curies":[{"name":"wp","href":"https:\/\/api.w.org\/{rel}","templated":true}]}}