{"id":76917,"date":"2020-06-30T10:21:00","date_gmt":"2020-06-30T13:21:00","guid":{"rendered":"https:\/\/eldiariodesanpedro.com.ar\/sitio\/?p=76917"},"modified":"2020-06-30T10:21:46","modified_gmt":"2020-06-30T13:21:46","slug":"un-corte-de-energia-afecto-a-mas-de-media-ciudad","status":"publish","type":"post","link":"https:\/\/eldiariodesanpedro.com.ar\/sitio\/un-corte-de-energia-afecto-a-mas-de-media-ciudad\/","title":{"rendered":"Un corte de energ\u00eda afecto a mas de media ciudad"},"content":{"rendered":"<!-- VideographyWP Plugin Message: Automatic video embedding prevented by plugin options. -->\n\n<p>Esta ma\u00f1ana se produjo una interrupci\u00f3n en el servicio el\u00e9ctrico en una gran parte del radio urbano de la ciudad.\u00a0Un problema en los alimentadores 234 y 235 dej\u00f3 fuera de servicio a la Estaci\u00f3n Transformadora \u00abSanpedrito I\u00bb.\u00a0<\/p>\n\n\n\n<p>El inconveniente afect\u00f3 a media ciudad entre ellos los barrios como Villa Jard\u00edn, Los Aromos, Los Aromitos, Villa Igoillo, Barrio Obrero, Banfield, Independencia y FONAVI, entre otros.<\/p>\n\n\n\n<p>Equipos t\u00e9cnicos de COOPSER recorren las l\u00edneas para determinar el origen del corte y comenzar con la etapa de reparaciones.\u00a0A ra\u00edz del inconveniente el\u00e9ctrico, tambi\u00e9n hay problemas con el agua corriente, la televisi\u00f3n por cable e internet.\u00a0<\/p>\n","protected":false},"excerpt":{"rendered":"<p>Esta ma\u00f1ana se produjo una interrupci\u00f3n en el servicio el\u00e9ctrico en una gran parte del radio urbano de la ciudad.\u00a0Un problema en los alimentadores 234 y 235 dej\u00f3 fuera de servicio a la Estaci\u00f3n Transformadora \u00abSanpedrito I\u00bb.\u00a0 El inconveniente afect\u00f3 a media ciudad entre ellos los barrios como Villa Jard\u00edn, Los Aromos, Los Aromitos, Villa [&hellip;]<\/p>\n","protected":false},"author":4,"featured_media":76918,"comment_status":"open","ping_status":"closed","sticky":false,"template":"","format":"standard","meta":{"om_disable_all_campaigns":false,"_jetpack_memberships_contains_paid_content":false,"footnotes":""},"categories":[50,101,2],"tags":[197,1638],"class_list":["post-76917","post","type-post","status-publish","format-standard","has-post-thumbnail","hentry","category-destacadas","category-interes-general-locales","category-locales","tag-buenos-aires","tag-corte-de-energia"],"aioseo_notices":[],"gutentor_comment":0,"jetpack_featured_media_url":"https:\/\/eldiariodesanpedro.com.ar\/sitio\/wp-content\/uploads\/2020\/06\/20180207_085144-1-1-1_DOWN_2276x1280-e1593523291383.jpg","jetpack_shortlink":"https:\/\/wp.me\/p6RhLt-k0B","jetpack_sharing_enabled":true,"_links":{"self":[{"href":"https:\/\/eldiariodesanpedro.com.ar\/sitio\/wp-json\/wp\/v2\/posts\/76917","targetHints":{"allow":["GET"]}}],"collection":[{"href":"https:\/\/eldiariodesanpedro.com.ar\/sitio\/wp-json\/wp\/v2\/posts"}],"about":[{"href":"https:\/\/eldiariodesanpedro.com.ar\/sitio\/wp-json\/wp\/v2\/types\/post"}],"author":[{"embeddable":true,"href":"https:\/\/eldiariodesanpedro.com.ar\/sitio\/wp-json\/wp\/v2\/users\/4"}],"replies":[{"embeddable":true,"href":"https:\/\/eldiariodesanpedro.com.ar\/sitio\/wp-json\/wp\/v2\/comments?post=76917"}],"version-history":[{"count":1,"href":"https:\/\/eldiariodesanpedro.com.ar\/sitio\/wp-json\/wp\/v2\/posts\/76917\/revisions"}],"predecessor-version":[{"id":76919,"href":"https:\/\/eldiariodesanpedro.com.ar\/sitio\/wp-json\/wp\/v2\/posts\/76917\/revisions\/76919"}],"wp:featuredmedia":[{"embeddable":true,"href":"https:\/\/eldiariodesanpedro.com.ar\/sitio\/wp-json\/wp\/v2\/media\/76918"}],"wp:attachment":[{"href":"https:\/\/eldiariodesanpedro.com.ar\/sitio\/wp-json\/wp\/v2\/media?parent=76917"}],"wp:term":[{"taxonomy":"category","embeddable":true,"href":"https:\/\/eldiariodesanpedro.com.ar\/sitio\/wp-json\/wp\/v2\/categories?post=76917"},{"taxonomy":"post_tag","embeddable":true,"href":"https:\/\/eldiariodesanpedro.com.ar\/sitio\/wp-json\/wp\/v2\/tags?post=76917"}],"curies":[{"name":"wp","href":"https:\/\/api.w.org\/{rel}","templated":true}]}}