{"id":76901,"date":"2020-06-29T20:50:42","date_gmt":"2020-06-29T23:50:42","guid":{"rendered":"https:\/\/eldiariodesanpedro.com.ar\/sitio\/?p=76901"},"modified":"2020-06-29T20:50:46","modified_gmt":"2020-06-29T23:50:46","slug":"reunion-ampliada-del-comite-de-emergencia-sanitaria","status":"publish","type":"post","link":"https:\/\/eldiariodesanpedro.com.ar\/sitio\/reunion-ampliada-del-comite-de-emergencia-sanitaria\/","title":{"rendered":"Reuni\u00f3n ampliada del Comit\u00e9 de Emergencia Sanitaria"},"content":{"rendered":"<!-- VideographyWP Plugin Message: Automatic video embedding prevented by plugin options. -->\n\n<p>El Comit\u00e9 de Crisis Sanitaria, creado por decreto municipal en el marco de la Pandemia de Covid-19, propuso esta tarde una reuni\u00f3n ampliada para informar las novedades de los \u00faltimos d\u00edas, y analizar los pasos a seguir en la continuidad de la cuarentena.<\/p>\n\n\n\n<p>En el Sal\u00f3n Dorado de la Municipalidad, los secretarios de las \u00e1reas municipales involucradas, repasaron un temario previamente elaborado y debatieron con delegados de las localidades, concejales en representaci\u00f3n de todos los bloques, autoridades policiales, funcionarios de PAMI, ANSES, Bomberos, CDR, Cruz Roja, Consejo Escolar, Jefatura Distrital, movimientos sociales, gremios municipales y docentes entre otros.<\/p>\n\n\n\n<p>Se puso a disposici\u00f3n de los presentes informaci\u00f3n actualizada sobre el estado de situaci\u00f3n general, particularmente de la localidad de R\u00edo Tala, y del caso positivo en un representante de una iglesia evang\u00e9lica, que sigue generando controles y operativos.<\/p>\n\n\n\n<p>Sobre el panorama que presenta la localidad, se analizaron medidas m\u00e1s estrictas que ser\u00e1n evaluadas y anunciadas en breve.<\/p>\n\n\n\n<p>Por lo ocurrido con el grupo religioso, se propuso coordinar con las autoridades de todas las iglesias de San Pedro un llamado a la responsabilidad de todos sus adherentes.<\/p>\n\n\n\n<p>Se tom\u00f3 nota de distintas inquietudes que aportan al trabajo que se viene desarrollando desde el gobierno municipal<\/p>\n\n\n\n<p>Algunos participantes plantearon la necesidad darle mayor continuidad a este tipo de espacios de participaci\u00f3n y fortalecer los mensajes de control estricto de cumplimiento de la cuarentena, para evitar que se pierda el compromiso de los vecinos en cumplirla.<\/p>\n\n\n\n<p>Otra de los temas muy importantes expuestos apunt\u00f3 a garantizar la entrega de alimentos a las familias aisladas y controlar las condiciones de todos los trabajadores para evitar contagios.<\/p>\n\n\n\n<p>Tambi\u00e9n fue parte de la agenda el incremento de medidas de seguridad y sanidad en los diagramas de entregas de mercader\u00eda en las escuelas que se lleva adelante con la intervenci\u00f3n de las autoridades educativas y que se extender\u00e1 entre el 1 y el 17 de julio.<\/p>\n\n\n\n<p>Ma\u00f1ana a las 9 tendr\u00e1 lugar una reuni\u00f3n entre las autoridades educativas y la Secretar\u00eda de Desarrollo Humano para avanzar en la coordinaci\u00f3n de este tema.<\/p>\n\n\n\n<p>Otra de las inquietudes recibidas fue la implementaci\u00f3n de un servicio de contenci\u00f3n orientado a la salud mental a trav\u00e9s de una l\u00ednea de asistencia telef\u00f3nica.<\/p>\n\n\n\n<p>Con los representantes de PAMI y ANSES, se intercambi\u00f3 informaci\u00f3n para reforzar los operativos de prevenci\u00f3n en las fechas de pago de las diferentes asignaciones y qued\u00f3 abierta una convocatoria conjunta con el Centro de Comercio para mantener una reuni\u00f3n con los gerentes de los bancos a los efectos de planificar de manera coordinada.<\/p>\n\n\n\n<p>Tal como fue informado durante el fin de semana, se reiter\u00f3 que en las pr\u00f3ximas horas se recibir\u00e1 desde el Ministerio de Gobierno de la Provincia de Buenos Aires la recategorizaci\u00f3n de todos los distritos para determinar si San Pedro contin\u00faa en Fase 4 o hay modificaciones.<\/p>\n\n\n\n<p>Desde el gobierno municipal, se solicit\u00f3 a todos los presentes que dentro de sus \u00e1mbitos de representaci\u00f3n refuercen las recomendaciones para cumplir con todas las medidas de distanciamiento, auto prevenci\u00f3n e higiene para contener el avance del virus, poniendo de relevancia una vez m\u00e1s que la responsabilidad individual es la principal herramienta con la que se cuenta en estos momentos.<\/p>\n\n\n\n<figure class=\"wp-block-image size-large\"><img decoding=\"async\" width=\"1024\" height=\"682\" data-attachment-id=\"76902\" data-permalink=\"https:\/\/eldiariodesanpedro.com.ar\/sitio\/reunion-ampliada-del-comite-de-emergencia-sanitaria\/whatsapp-image-2020-06-29-at-20-37-26\/\" data-orig-file=\"https:\/\/eldiariodesanpedro.com.ar\/sitio\/wp-content\/uploads\/2020\/06\/WhatsApp-Image-2020-06-29-at-20.37.26.jpeg\" data-orig-size=\"1280,853\" data-comments-opened=\"1\" data-image-meta=\"{&quot;aperture&quot;:&quot;0&quot;,&quot;credit&quot;:&quot;&quot;,&quot;camera&quot;:&quot;&quot;,&quot;caption&quot;:&quot;&quot;,&quot;created_timestamp&quot;:&quot;0&quot;,&quot;copyright&quot;:&quot;&quot;,&quot;focal_length&quot;:&quot;0&quot;,&quot;iso&quot;:&quot;0&quot;,&quot;shutter_speed&quot;:&quot;0&quot;,&quot;title&quot;:&quot;&quot;,&quot;orientation&quot;:&quot;0&quot;}\" data-image-title=\"WhatsApp Image 2020-06-29 at 20.37.26\" data-image-description=\"\" data-image-caption=\"\" data-large-file=\"https:\/\/eldiariodesanpedro.com.ar\/sitio\/wp-content\/uploads\/2020\/06\/WhatsApp-Image-2020-06-29-at-20.37.26-1024x682.jpeg\" data-src=\"https:\/\/eldiariodesanpedro.com.ar\/sitio\/wp-content\/uploads\/2020\/06\/WhatsApp-Image-2020-06-29-at-20.37.26-1024x682.jpeg\" alt=\"\" class=\"wp-image-76902 lazyload\" data-srcset=\"https:\/\/eldiariodesanpedro.com.ar\/sitio\/wp-content\/uploads\/2020\/06\/WhatsApp-Image-2020-06-29-at-20.37.26-1024x682.jpeg 1024w, https:\/\/eldiariodesanpedro.com.ar\/sitio\/wp-content\/uploads\/2020\/06\/WhatsApp-Image-2020-06-29-at-20.37.26-300x200.jpeg 300w, https:\/\/eldiariodesanpedro.com.ar\/sitio\/wp-content\/uploads\/2020\/06\/WhatsApp-Image-2020-06-29-at-20.37.26-768x512.jpeg 768w, https:\/\/eldiariodesanpedro.com.ar\/sitio\/wp-content\/uploads\/2020\/06\/WhatsApp-Image-2020-06-29-at-20.37.26.jpeg 1280w\" data-sizes=\"(max-width: 1024px) 100vw, 1024px\" src=\"data:image\/svg+xml;base64,PHN2ZyB3aWR0aD0iMSIgaGVpZ2h0PSIxIiB4bWxucz0iaHR0cDovL3d3dy53My5vcmcvMjAwMC9zdmciPjwvc3ZnPg==\" style=\"--smush-placeholder-width: 1024px; --smush-placeholder-aspect-ratio: 1024\/682;\" \/><\/figure>\n\n\n\n<figure class=\"wp-block-image size-large\"><img decoding=\"async\" width=\"1024\" height=\"682\" data-attachment-id=\"76904\" data-permalink=\"https:\/\/eldiariodesanpedro.com.ar\/sitio\/reunion-ampliada-del-comite-de-emergencia-sanitaria\/whatsapp-image-2020-06-29-at-20-38-10\/\" data-orig-file=\"https:\/\/eldiariodesanpedro.com.ar\/sitio\/wp-content\/uploads\/2020\/06\/WhatsApp-Image-2020-06-29-at-20.38.10.jpeg\" data-orig-size=\"1280,853\" data-comments-opened=\"1\" data-image-meta=\"{&quot;aperture&quot;:&quot;0&quot;,&quot;credit&quot;:&quot;&quot;,&quot;camera&quot;:&quot;&quot;,&quot;caption&quot;:&quot;&quot;,&quot;created_timestamp&quot;:&quot;0&quot;,&quot;copyright&quot;:&quot;&quot;,&quot;focal_length&quot;:&quot;0&quot;,&quot;iso&quot;:&quot;0&quot;,&quot;shutter_speed&quot;:&quot;0&quot;,&quot;title&quot;:&quot;&quot;,&quot;orientation&quot;:&quot;0&quot;}\" data-image-title=\"WhatsApp Image 2020-06-29 at 20.38.10\" data-image-description=\"\" data-image-caption=\"\" data-large-file=\"https:\/\/eldiariodesanpedro.com.ar\/sitio\/wp-content\/uploads\/2020\/06\/WhatsApp-Image-2020-06-29-at-20.38.10-1024x682.jpeg\" data-src=\"https:\/\/eldiariodesanpedro.com.ar\/sitio\/wp-content\/uploads\/2020\/06\/WhatsApp-Image-2020-06-29-at-20.38.10-1024x682.jpeg\" alt=\"\" class=\"wp-image-76904 lazyload\" data-srcset=\"https:\/\/eldiariodesanpedro.com.ar\/sitio\/wp-content\/uploads\/2020\/06\/WhatsApp-Image-2020-06-29-at-20.38.10-1024x682.jpeg 1024w, https:\/\/eldiariodesanpedro.com.ar\/sitio\/wp-content\/uploads\/2020\/06\/WhatsApp-Image-2020-06-29-at-20.38.10-300x200.jpeg 300w, https:\/\/eldiariodesanpedro.com.ar\/sitio\/wp-content\/uploads\/2020\/06\/WhatsApp-Image-2020-06-29-at-20.38.10-768x512.jpeg 768w, https:\/\/eldiariodesanpedro.com.ar\/sitio\/wp-content\/uploads\/2020\/06\/WhatsApp-Image-2020-06-29-at-20.38.10.jpeg 1280w\" data-sizes=\"(max-width: 1024px) 100vw, 1024px\" src=\"data:image\/svg+xml;base64,PHN2ZyB3aWR0aD0iMSIgaGVpZ2h0PSIxIiB4bWxucz0iaHR0cDovL3d3dy53My5vcmcvMjAwMC9zdmciPjwvc3ZnPg==\" style=\"--smush-placeholder-width: 1024px; --smush-placeholder-aspect-ratio: 1024\/682;\" \/><\/figure>\n\n\n\n<figure class=\"wp-block-image size-large\"><img decoding=\"async\" width=\"1024\" height=\"714\" data-attachment-id=\"76905\" data-permalink=\"https:\/\/eldiariodesanpedro.com.ar\/sitio\/reunion-ampliada-del-comite-de-emergencia-sanitaria\/whatsapp-image-2020-06-29-at-20-38-11-1\/\" data-orig-file=\"https:\/\/eldiariodesanpedro.com.ar\/sitio\/wp-content\/uploads\/2020\/06\/WhatsApp-Image-2020-06-29-at-20.38.11-1.jpeg\" data-orig-size=\"1280,893\" data-comments-opened=\"1\" data-image-meta=\"{&quot;aperture&quot;:&quot;0&quot;,&quot;credit&quot;:&quot;&quot;,&quot;camera&quot;:&quot;&quot;,&quot;caption&quot;:&quot;&quot;,&quot;created_timestamp&quot;:&quot;0&quot;,&quot;copyright&quot;:&quot;&quot;,&quot;focal_length&quot;:&quot;0&quot;,&quot;iso&quot;:&quot;0&quot;,&quot;shutter_speed&quot;:&quot;0&quot;,&quot;title&quot;:&quot;&quot;,&quot;orientation&quot;:&quot;0&quot;}\" data-image-title=\"WhatsApp Image 2020-06-29 at 20.38.11 (1)\" data-image-description=\"\" data-image-caption=\"\" data-large-file=\"https:\/\/eldiariodesanpedro.com.ar\/sitio\/wp-content\/uploads\/2020\/06\/WhatsApp-Image-2020-06-29-at-20.38.11-1-1024x714.jpeg\" data-src=\"https:\/\/eldiariodesanpedro.com.ar\/sitio\/wp-content\/uploads\/2020\/06\/WhatsApp-Image-2020-06-29-at-20.38.11-1-1024x714.jpeg\" alt=\"\" class=\"wp-image-76905 lazyload\" data-srcset=\"https:\/\/eldiariodesanpedro.com.ar\/sitio\/wp-content\/uploads\/2020\/06\/WhatsApp-Image-2020-06-29-at-20.38.11-1-1024x714.jpeg 1024w, https:\/\/eldiariodesanpedro.com.ar\/sitio\/wp-content\/uploads\/2020\/06\/WhatsApp-Image-2020-06-29-at-20.38.11-1-300x209.jpeg 300w, https:\/\/eldiariodesanpedro.com.ar\/sitio\/wp-content\/uploads\/2020\/06\/WhatsApp-Image-2020-06-29-at-20.38.11-1-768x536.jpeg 768w, https:\/\/eldiariodesanpedro.com.ar\/sitio\/wp-content\/uploads\/2020\/06\/WhatsApp-Image-2020-06-29-at-20.38.11-1.jpeg 1280w\" data-sizes=\"(max-width: 1024px) 100vw, 1024px\" src=\"data:image\/svg+xml;base64,PHN2ZyB3aWR0aD0iMSIgaGVpZ2h0PSIxIiB4bWxucz0iaHR0cDovL3d3dy53My5vcmcvMjAwMC9zdmciPjwvc3ZnPg==\" style=\"--smush-placeholder-width: 1024px; --smush-placeholder-aspect-ratio: 1024\/714;\" \/><\/figure>\n\n\n\n<figure class=\"wp-block-image size-large\"><img decoding=\"async\" width=\"1024\" height=\"736\" data-attachment-id=\"76907\" data-permalink=\"https:\/\/eldiariodesanpedro.com.ar\/sitio\/reunion-ampliada-del-comite-de-emergencia-sanitaria\/whatsapp-image-2020-06-29-at-20-38-11\/\" data-orig-file=\"https:\/\/eldiariodesanpedro.com.ar\/sitio\/wp-content\/uploads\/2020\/06\/WhatsApp-Image-2020-06-29-at-20.38.11.jpeg\" data-orig-size=\"1280,920\" data-comments-opened=\"1\" data-image-meta=\"{&quot;aperture&quot;:&quot;0&quot;,&quot;credit&quot;:&quot;&quot;,&quot;camera&quot;:&quot;&quot;,&quot;caption&quot;:&quot;&quot;,&quot;created_timestamp&quot;:&quot;0&quot;,&quot;copyright&quot;:&quot;&quot;,&quot;focal_length&quot;:&quot;0&quot;,&quot;iso&quot;:&quot;0&quot;,&quot;shutter_speed&quot;:&quot;0&quot;,&quot;title&quot;:&quot;&quot;,&quot;orientation&quot;:&quot;0&quot;}\" data-image-title=\"WhatsApp Image 2020-06-29 at 20.38.11\" data-image-description=\"\" data-image-caption=\"\" data-large-file=\"https:\/\/eldiariodesanpedro.com.ar\/sitio\/wp-content\/uploads\/2020\/06\/WhatsApp-Image-2020-06-29-at-20.38.11-1024x736.jpeg\" data-src=\"https:\/\/eldiariodesanpedro.com.ar\/sitio\/wp-content\/uploads\/2020\/06\/WhatsApp-Image-2020-06-29-at-20.38.11-1024x736.jpeg\" alt=\"\" class=\"wp-image-76907 lazyload\" data-srcset=\"https:\/\/eldiariodesanpedro.com.ar\/sitio\/wp-content\/uploads\/2020\/06\/WhatsApp-Image-2020-06-29-at-20.38.11-1024x736.jpeg 1024w, https:\/\/eldiariodesanpedro.com.ar\/sitio\/wp-content\/uploads\/2020\/06\/WhatsApp-Image-2020-06-29-at-20.38.11-300x216.jpeg 300w, https:\/\/eldiariodesanpedro.com.ar\/sitio\/wp-content\/uploads\/2020\/06\/WhatsApp-Image-2020-06-29-at-20.38.11-768x552.jpeg 768w, https:\/\/eldiariodesanpedro.com.ar\/sitio\/wp-content\/uploads\/2020\/06\/WhatsApp-Image-2020-06-29-at-20.38.11.jpeg 1280w\" data-sizes=\"(max-width: 1024px) 100vw, 1024px\" src=\"data:image\/svg+xml;base64,PHN2ZyB3aWR0aD0iMSIgaGVpZ2h0PSIxIiB4bWxucz0iaHR0cDovL3d3dy53My5vcmcvMjAwMC9zdmciPjwvc3ZnPg==\" style=\"--smush-placeholder-width: 1024px; --smush-placeholder-aspect-ratio: 1024\/736;\" \/><\/figure>\n","protected":false},"excerpt":{"rendered":"<p>El Comit\u00e9 de Crisis Sanitaria, creado por decreto municipal en el marco de la Pandemia de Covid-19, propuso esta tarde una reuni\u00f3n ampliada para informar las novedades de los \u00faltimos d\u00edas, y analizar los pasos a seguir en la continuidad de la cuarentena. En el Sal\u00f3n Dorado de la Municipalidad, los secretarios de las \u00e1reas [&hellip;]<\/p>\n","protected":false},"author":4,"featured_media":76903,"comment_status":"open","ping_status":"closed","sticky":false,"template":"","format":"standard","meta":{"om_disable_all_campaigns":false,"_jetpack_memberships_contains_paid_content":false,"footnotes":""},"categories":[50,101,2],"tags":[],"class_list":["post-76901","post","type-post","status-publish","format-standard","has-post-thumbnail","hentry","category-destacadas","category-interes-general-locales","category-locales"],"aioseo_notices":[],"gutentor_comment":0,"jetpack_featured_media_url":"https:\/\/eldiariodesanpedro.com.ar\/sitio\/wp-content\/uploads\/2020\/06\/WhatsApp-Image-2020-06-29-at-20.38.09.jpeg","jetpack_shortlink":"https:\/\/wp.me\/p6RhLt-k0l","jetpack_sharing_enabled":true,"_links":{"self":[{"href":"https:\/\/eldiariodesanpedro.com.ar\/sitio\/wp-json\/wp\/v2\/posts\/76901","targetHints":{"allow":["GET"]}}],"collection":[{"href":"https:\/\/eldiariodesanpedro.com.ar\/sitio\/wp-json\/wp\/v2\/posts"}],"about":[{"href":"https:\/\/eldiariodesanpedro.com.ar\/sitio\/wp-json\/wp\/v2\/types\/post"}],"author":[{"embeddable":true,"href":"https:\/\/eldiariodesanpedro.com.ar\/sitio\/wp-json\/wp\/v2\/users\/4"}],"replies":[{"embeddable":true,"href":"https:\/\/eldiariodesanpedro.com.ar\/sitio\/wp-json\/wp\/v2\/comments?post=76901"}],"version-history":[{"count":1,"href":"https:\/\/eldiariodesanpedro.com.ar\/sitio\/wp-json\/wp\/v2\/posts\/76901\/revisions"}],"predecessor-version":[{"id":76908,"href":"https:\/\/eldiariodesanpedro.com.ar\/sitio\/wp-json\/wp\/v2\/posts\/76901\/revisions\/76908"}],"wp:featuredmedia":[{"embeddable":true,"href":"https:\/\/eldiariodesanpedro.com.ar\/sitio\/wp-json\/wp\/v2\/media\/76903"}],"wp:attachment":[{"href":"https:\/\/eldiariodesanpedro.com.ar\/sitio\/wp-json\/wp\/v2\/media?parent=76901"}],"wp:term":[{"taxonomy":"category","embeddable":true,"href":"https:\/\/eldiariodesanpedro.com.ar\/sitio\/wp-json\/wp\/v2\/categories?post=76901"},{"taxonomy":"post_tag","embeddable":true,"href":"https:\/\/eldiariodesanpedro.com.ar\/sitio\/wp-json\/wp\/v2\/tags?post=76901"}],"curies":[{"name":"wp","href":"https:\/\/api.w.org\/{rel}","templated":true}]}}