{"id":76892,"date":"2020-06-29T19:02:26","date_gmt":"2020-06-29T22:02:26","guid":{"rendered":"https:\/\/eldiariodesanpedro.com.ar\/sitio\/?p=76892"},"modified":"2020-06-29T19:04:21","modified_gmt":"2020-06-29T22:04:21","slug":"sampedrinos-colisionaron-en-ruta-191-en-cercanias-de-arrecifes","status":"publish","type":"post","link":"https:\/\/eldiariodesanpedro.com.ar\/sitio\/sampedrinos-colisionaron-en-ruta-191-en-cercanias-de-arrecifes\/","title":{"rendered":"Sampedrinos colisionaron en ruta 191 en cercan\u00edas de Arrecifes"},"content":{"rendered":"<!-- VideographyWP Plugin Message: Automatic video embedding prevented by plugin options. -->\n\n<p>En la ma\u00f1ana de este lunes se produjo un impresionante siniestro de tr\u00e1nsito en ruta 191, a la altura del paraje La Delia, entre Arrecifes y San Pedro.<\/p>\n\n\n\n<p>Un cami\u00f3n de la empresa Hipergas de San Pedro que transportaba garrafas impact\u00f3 violentamente con una camioneta Ford tambi\u00e9n conducida por un sampedrino.<\/p>\n\n\n\n<p>Dentro de la desgracia, afortunadamente la camioneta sufri\u00f3 el golpe del lado del acompa\u00f1ante, por lo que el conductor salvo su vida de milagro.<\/p>\n\n\n\n<p>Luego de ser rescatado del veh\u00edculo por Bomberos Voluntarios de Arrecifes fue trasladado por una ambulancia al Hospital Municipal \u201cSanta Francisca\u201d, conmocionado pero consciente.<\/p>\n\n\n\n<p>Permanece internado en observaci\u00f3n, sin heridas de consideraci\u00f3n, por 24 horas hasta recibir el alta.<\/p>\n\n\n\n<p>Fuente: <a href=\"https:\/\/arrecifesnoticias.com\/policiales\/violento-accidente-en-ruta-191\/\">Arrecifes Noticias<\/a> Fotos: Radio News Arrecifes<\/p>\n\n\n\n<figure class=\"wp-block-image size-large\"><img decoding=\"async\" width=\"656\" height=\"655\" data-attachment-id=\"76896\" data-permalink=\"https:\/\/eldiariodesanpedro.com.ar\/sitio\/sampedrinos-colisionaron-en-ruta-191-en-cercanias-de-arrecifes\/106578447_1892202687588438_5841502914134046007_n\/\" data-orig-file=\"https:\/\/eldiariodesanpedro.com.ar\/sitio\/wp-content\/uploads\/2020\/06\/106578447_1892202687588438_5841502914134046007_n.jpg\" data-orig-size=\"656,655\" data-comments-opened=\"1\" data-image-meta=\"{&quot;aperture&quot;:&quot;0&quot;,&quot;credit&quot;:&quot;&quot;,&quot;camera&quot;:&quot;&quot;,&quot;caption&quot;:&quot;&quot;,&quot;created_timestamp&quot;:&quot;0&quot;,&quot;copyright&quot;:&quot;&quot;,&quot;focal_length&quot;:&quot;0&quot;,&quot;iso&quot;:&quot;0&quot;,&quot;shutter_speed&quot;:&quot;0&quot;,&quot;title&quot;:&quot;&quot;,&quot;orientation&quot;:&quot;0&quot;}\" data-image-title=\"106578447_1892202687588438_5841502914134046007_n\" data-image-description=\"\" data-image-caption=\"\" data-large-file=\"https:\/\/eldiariodesanpedro.com.ar\/sitio\/wp-content\/uploads\/2020\/06\/106578447_1892202687588438_5841502914134046007_n.jpg\" data-src=\"https:\/\/eldiariodesanpedro.com.ar\/sitio\/wp-content\/uploads\/2020\/06\/106578447_1892202687588438_5841502914134046007_n.jpg\" alt=\"\" class=\"wp-image-76896 lazyload\" data-srcset=\"https:\/\/eldiariodesanpedro.com.ar\/sitio\/wp-content\/uploads\/2020\/06\/106578447_1892202687588438_5841502914134046007_n.jpg 656w, https:\/\/eldiariodesanpedro.com.ar\/sitio\/wp-content\/uploads\/2020\/06\/106578447_1892202687588438_5841502914134046007_n-300x300.jpg 300w, https:\/\/eldiariodesanpedro.com.ar\/sitio\/wp-content\/uploads\/2020\/06\/106578447_1892202687588438_5841502914134046007_n-150x150.jpg 150w\" data-sizes=\"(max-width: 656px) 100vw, 656px\" src=\"data:image\/svg+xml;base64,PHN2ZyB3aWR0aD0iMSIgaGVpZ2h0PSIxIiB4bWxucz0iaHR0cDovL3d3dy53My5vcmcvMjAwMC9zdmciPjwvc3ZnPg==\" style=\"--smush-placeholder-width: 656px; --smush-placeholder-aspect-ratio: 656\/655;\" \/><\/figure>\n\n\n\n<figure class=\"wp-block-image size-large\"><img decoding=\"async\" width=\"960\" height=\"960\" data-attachment-id=\"76893\" data-permalink=\"https:\/\/eldiariodesanpedro.com.ar\/sitio\/sampedrinos-colisionaron-en-ruta-191-en-cercanias-de-arrecifes\/74168077_1892202367588470_2900712771325870647_n\/\" data-orig-file=\"https:\/\/eldiariodesanpedro.com.ar\/sitio\/wp-content\/uploads\/2020\/06\/74168077_1892202367588470_2900712771325870647_n.jpg\" data-orig-size=\"960,960\" data-comments-opened=\"1\" data-image-meta=\"{&quot;aperture&quot;:&quot;0&quot;,&quot;credit&quot;:&quot;&quot;,&quot;camera&quot;:&quot;&quot;,&quot;caption&quot;:&quot;&quot;,&quot;created_timestamp&quot;:&quot;0&quot;,&quot;copyright&quot;:&quot;&quot;,&quot;focal_length&quot;:&quot;0&quot;,&quot;iso&quot;:&quot;0&quot;,&quot;shutter_speed&quot;:&quot;0&quot;,&quot;title&quot;:&quot;&quot;,&quot;orientation&quot;:&quot;0&quot;}\" data-image-title=\"74168077_1892202367588470_2900712771325870647_n\" data-image-description=\"\" data-image-caption=\"\" data-large-file=\"https:\/\/eldiariodesanpedro.com.ar\/sitio\/wp-content\/uploads\/2020\/06\/74168077_1892202367588470_2900712771325870647_n.jpg\" data-src=\"https:\/\/eldiariodesanpedro.com.ar\/sitio\/wp-content\/uploads\/2020\/06\/74168077_1892202367588470_2900712771325870647_n.jpg\" alt=\"\" class=\"wp-image-76893 lazyload\" data-srcset=\"https:\/\/eldiariodesanpedro.com.ar\/sitio\/wp-content\/uploads\/2020\/06\/74168077_1892202367588470_2900712771325870647_n.jpg 960w, https:\/\/eldiariodesanpedro.com.ar\/sitio\/wp-content\/uploads\/2020\/06\/74168077_1892202367588470_2900712771325870647_n-300x300.jpg 300w, https:\/\/eldiariodesanpedro.com.ar\/sitio\/wp-content\/uploads\/2020\/06\/74168077_1892202367588470_2900712771325870647_n-150x150.jpg 150w, https:\/\/eldiariodesanpedro.com.ar\/sitio\/wp-content\/uploads\/2020\/06\/74168077_1892202367588470_2900712771325870647_n-768x768.jpg 768w\" data-sizes=\"(max-width: 960px) 100vw, 960px\" src=\"data:image\/svg+xml;base64,PHN2ZyB3aWR0aD0iMSIgaGVpZ2h0PSIxIiB4bWxucz0iaHR0cDovL3d3dy53My5vcmcvMjAwMC9zdmciPjwvc3ZnPg==\" style=\"--smush-placeholder-width: 960px; --smush-placeholder-aspect-ratio: 960\/960;\" \/><\/figure>\n\n\n\n<figure class=\"wp-block-image size-large\"><img decoding=\"async\" width=\"960\" height=\"960\" data-attachment-id=\"76898\" data-permalink=\"https:\/\/eldiariodesanpedro.com.ar\/sitio\/sampedrinos-colisionaron-en-ruta-191-en-cercanias-de-arrecifes\/106602480_1892202407588466_4293236730850206863_n\/\" data-orig-file=\"https:\/\/eldiariodesanpedro.com.ar\/sitio\/wp-content\/uploads\/2020\/06\/106602480_1892202407588466_4293236730850206863_n.jpg\" data-orig-size=\"960,960\" data-comments-opened=\"1\" data-image-meta=\"{&quot;aperture&quot;:&quot;0&quot;,&quot;credit&quot;:&quot;&quot;,&quot;camera&quot;:&quot;&quot;,&quot;caption&quot;:&quot;&quot;,&quot;created_timestamp&quot;:&quot;0&quot;,&quot;copyright&quot;:&quot;&quot;,&quot;focal_length&quot;:&quot;0&quot;,&quot;iso&quot;:&quot;0&quot;,&quot;shutter_speed&quot;:&quot;0&quot;,&quot;title&quot;:&quot;&quot;,&quot;orientation&quot;:&quot;0&quot;}\" data-image-title=\"106602480_1892202407588466_4293236730850206863_n\" data-image-description=\"\" data-image-caption=\"\" data-large-file=\"https:\/\/eldiariodesanpedro.com.ar\/sitio\/wp-content\/uploads\/2020\/06\/106602480_1892202407588466_4293236730850206863_n.jpg\" data-src=\"https:\/\/eldiariodesanpedro.com.ar\/sitio\/wp-content\/uploads\/2020\/06\/106602480_1892202407588466_4293236730850206863_n.jpg\" alt=\"\" class=\"wp-image-76898 lazyload\" data-srcset=\"https:\/\/eldiariodesanpedro.com.ar\/sitio\/wp-content\/uploads\/2020\/06\/106602480_1892202407588466_4293236730850206863_n.jpg 960w, https:\/\/eldiariodesanpedro.com.ar\/sitio\/wp-content\/uploads\/2020\/06\/106602480_1892202407588466_4293236730850206863_n-300x300.jpg 300w, https:\/\/eldiariodesanpedro.com.ar\/sitio\/wp-content\/uploads\/2020\/06\/106602480_1892202407588466_4293236730850206863_n-150x150.jpg 150w, https:\/\/eldiariodesanpedro.com.ar\/sitio\/wp-content\/uploads\/2020\/06\/106602480_1892202407588466_4293236730850206863_n-768x768.jpg 768w\" data-sizes=\"(max-width: 960px) 100vw, 960px\" src=\"data:image\/svg+xml;base64,PHN2ZyB3aWR0aD0iMSIgaGVpZ2h0PSIxIiB4bWxucz0iaHR0cDovL3d3dy53My5vcmcvMjAwMC9zdmciPjwvc3ZnPg==\" style=\"--smush-placeholder-width: 960px; --smush-placeholder-aspect-ratio: 960\/960;\" \/><\/figure>\n\n\n\n<figure class=\"wp-block-image size-large\"><img decoding=\"async\" width=\"667\" height=\"668\" data-attachment-id=\"76895\" data-permalink=\"https:\/\/eldiariodesanpedro.com.ar\/sitio\/sampedrinos-colisionaron-en-ruta-191-en-cercanias-de-arrecifes\/106529697_1892202447588462_2588516183471433722_n\/\" data-orig-file=\"https:\/\/eldiariodesanpedro.com.ar\/sitio\/wp-content\/uploads\/2020\/06\/106529697_1892202447588462_2588516183471433722_n.jpg\" data-orig-size=\"667,668\" data-comments-opened=\"1\" data-image-meta=\"{&quot;aperture&quot;:&quot;0&quot;,&quot;credit&quot;:&quot;&quot;,&quot;camera&quot;:&quot;&quot;,&quot;caption&quot;:&quot;&quot;,&quot;created_timestamp&quot;:&quot;0&quot;,&quot;copyright&quot;:&quot;&quot;,&quot;focal_length&quot;:&quot;0&quot;,&quot;iso&quot;:&quot;0&quot;,&quot;shutter_speed&quot;:&quot;0&quot;,&quot;title&quot;:&quot;&quot;,&quot;orientation&quot;:&quot;0&quot;}\" data-image-title=\"106529697_1892202447588462_2588516183471433722_n\" data-image-description=\"\" data-image-caption=\"\" data-large-file=\"https:\/\/eldiariodesanpedro.com.ar\/sitio\/wp-content\/uploads\/2020\/06\/106529697_1892202447588462_2588516183471433722_n.jpg\" data-src=\"https:\/\/eldiariodesanpedro.com.ar\/sitio\/wp-content\/uploads\/2020\/06\/106529697_1892202447588462_2588516183471433722_n.jpg\" alt=\"\" class=\"wp-image-76895 lazyload\" data-srcset=\"https:\/\/eldiariodesanpedro.com.ar\/sitio\/wp-content\/uploads\/2020\/06\/106529697_1892202447588462_2588516183471433722_n.jpg 667w, https:\/\/eldiariodesanpedro.com.ar\/sitio\/wp-content\/uploads\/2020\/06\/106529697_1892202447588462_2588516183471433722_n-300x300.jpg 300w, https:\/\/eldiariodesanpedro.com.ar\/sitio\/wp-content\/uploads\/2020\/06\/106529697_1892202447588462_2588516183471433722_n-150x150.jpg 150w\" data-sizes=\"(max-width: 667px) 100vw, 667px\" src=\"data:image\/svg+xml;base64,PHN2ZyB3aWR0aD0iMSIgaGVpZ2h0PSIxIiB4bWxucz0iaHR0cDovL3d3dy53My5vcmcvMjAwMC9zdmciPjwvc3ZnPg==\" style=\"--smush-placeholder-width: 667px; --smush-placeholder-aspect-ratio: 667\/668;\" \/><\/figure>\n","protected":false},"excerpt":{"rendered":"<p>En la ma\u00f1ana de este lunes se produjo un impresionante siniestro de tr\u00e1nsito en ruta 191, a la altura del paraje La Delia, entre Arrecifes y San Pedro. Un cami\u00f3n de la empresa Hipergas de San Pedro que transportaba garrafas impact\u00f3 violentamente con una camioneta Ford tambi\u00e9n conducida por un sampedrino. Dentro de la desgracia, [&hellip;]<\/p>\n","protected":false},"author":4,"featured_media":76897,"comment_status":"open","ping_status":"closed","sticky":false,"template":"","format":"standard","meta":{"om_disable_all_campaigns":false,"_jetpack_memberships_contains_paid_content":false,"footnotes":""},"categories":[50,2,103],"tags":[24,95,19],"class_list":["post-76892","post","type-post","status-publish","format-standard","has-post-thumbnail","hentry","category-destacadas","category-locales","category-policiales-locales","tag-accidente","tag-policiales","tag-san-pedro"],"aioseo_notices":[],"gutentor_comment":0,"jetpack_featured_media_url":"https:\/\/eldiariodesanpedro.com.ar\/sitio\/wp-content\/uploads\/2020\/06\/106585157_1892202487588458_6339116134107550108_n.jpg","jetpack_shortlink":"https:\/\/wp.me\/p6RhLt-k0c","jetpack_sharing_enabled":true,"_links":{"self":[{"href":"https:\/\/eldiariodesanpedro.com.ar\/sitio\/wp-json\/wp\/v2\/posts\/76892","targetHints":{"allow":["GET"]}}],"collection":[{"href":"https:\/\/eldiariodesanpedro.com.ar\/sitio\/wp-json\/wp\/v2\/posts"}],"about":[{"href":"https:\/\/eldiariodesanpedro.com.ar\/sitio\/wp-json\/wp\/v2\/types\/post"}],"author":[{"embeddable":true,"href":"https:\/\/eldiariodesanpedro.com.ar\/sitio\/wp-json\/wp\/v2\/users\/4"}],"replies":[{"embeddable":true,"href":"https:\/\/eldiariodesanpedro.com.ar\/sitio\/wp-json\/wp\/v2\/comments?post=76892"}],"version-history":[{"count":2,"href":"https:\/\/eldiariodesanpedro.com.ar\/sitio\/wp-json\/wp\/v2\/posts\/76892\/revisions"}],"predecessor-version":[{"id":76900,"href":"https:\/\/eldiariodesanpedro.com.ar\/sitio\/wp-json\/wp\/v2\/posts\/76892\/revisions\/76900"}],"wp:featuredmedia":[{"embeddable":true,"href":"https:\/\/eldiariodesanpedro.com.ar\/sitio\/wp-json\/wp\/v2\/media\/76897"}],"wp:attachment":[{"href":"https:\/\/eldiariodesanpedro.com.ar\/sitio\/wp-json\/wp\/v2\/media?parent=76892"}],"wp:term":[{"taxonomy":"category","embeddable":true,"href":"https:\/\/eldiariodesanpedro.com.ar\/sitio\/wp-json\/wp\/v2\/categories?post=76892"},{"taxonomy":"post_tag","embeddable":true,"href":"https:\/\/eldiariodesanpedro.com.ar\/sitio\/wp-json\/wp\/v2\/tags?post=76892"}],"curies":[{"name":"wp","href":"https:\/\/api.w.org\/{rel}","templated":true}]}}