{"id":76884,"date":"2020-06-29T17:12:05","date_gmt":"2020-06-29T20:12:05","guid":{"rendered":"https:\/\/eldiariodesanpedro.com.ar\/sitio\/?p=76884"},"modified":"2020-06-29T17:14:02","modified_gmt":"2020-06-29T20:14:02","slug":"arrecifes-los-arrecifenos-ya-adoptaron-la-nueva-normalidad","status":"publish","type":"post","link":"https:\/\/eldiariodesanpedro.com.ar\/sitio\/arrecifes-los-arrecifenos-ya-adoptaron-la-nueva-normalidad\/","title":{"rendered":"ARRECIFES | Los arrecife\u00f1os ya adoptaron la \u00abNueva Normalidad\u00bb"},"content":{"rendered":"<!-- VideographyWP Plugin Message: Automatic video embedding prevented by plugin options. -->\n\n<p>Much\u00edsimos vecinos de Arrecifes no esperaron siquiera el anuncio oficial ni las disposiciones que van a regir. En las primeras horas de ingreso (t\u00e9cnicamente) de nuestra ciudad a Fase 5 de la cuarentena, los arrecife\u00f1os \u201csalieron del encierro\u201d.<\/p>\n\n\n\n<p>La previa a las 00:00 de este domingo se tom\u00f3 como un festejo en muchas casas, donde se juntaron familiares y amigos a poner en pr\u00e1ctica de hecho esta nueva posibilidad de reunirse hasta 10 personas. Si bien antes se ven\u00eda haciendo bastante (aunque no estuviera permitido), anoche es como que se \u201csinti\u00f3 legal\u201d.<\/p>\n\n\n\n<p>Este domingo tambi\u00e9n se pudo observar una buena cantidad de gente paseando por las calles en autos y motos, caminando o en bicicleta. Y el predio del Viejo Molino fue uno de los lugares elegidos para salir, y m\u00e1s concurridos.<\/p>\n\n\n\n<p>Antes de hacerse oficial (la Provincia deber\u00eda incluirnos este lunes entre los municipios en Fase 5), Arrecifes ya comenz\u00f3 a vivir esta \u201cnueva normalidad\u201d.<\/p>\n\n\n\n<p>Fuente: <a href=\"https:\/\/arrecifesnoticias.com\/sociedad\/los-arrecifenos-ya-adoptaron-la-nueva-normalidad\/\">Arrecifes Noticias<\/a><\/p>\n","protected":false},"excerpt":{"rendered":"<p>Much\u00edsimos vecinos de Arrecifes no esperaron siquiera el anuncio oficial ni las disposiciones que van a regir. En las primeras horas de ingreso (t\u00e9cnicamente) de nuestra ciudad a Fase 5 de la cuarentena, los arrecife\u00f1os \u201csalieron del encierro\u201d. La previa a las 00:00 de este domingo se tom\u00f3 como un festejo en muchas casas, donde [&hellip;]<\/p>\n","protected":false},"author":4,"featured_media":76885,"comment_status":"open","ping_status":"closed","sticky":false,"template":"","format":"standard","meta":{"om_disable_all_campaigns":false,"_jetpack_memberships_contains_paid_content":false,"footnotes":""},"categories":[621],"tags":[1637,681],"class_list":["post-76884","post","type-post","status-publish","format-standard","has-post-thumbnail","hentry","category-regionales","tag-nueva-normalidad","tag-regionales"],"aioseo_notices":[],"gutentor_comment":0,"jetpack_featured_media_url":"https:\/\/eldiariodesanpedro.com.ar\/sitio\/wp-content\/uploads\/2020\/06\/Molino-cuarentena-832x510-1.jpg","jetpack_shortlink":"https:\/\/wp.me\/p6RhLt-k04","jetpack_sharing_enabled":true,"_links":{"self":[{"href":"https:\/\/eldiariodesanpedro.com.ar\/sitio\/wp-json\/wp\/v2\/posts\/76884","targetHints":{"allow":["GET"]}}],"collection":[{"href":"https:\/\/eldiariodesanpedro.com.ar\/sitio\/wp-json\/wp\/v2\/posts"}],"about":[{"href":"https:\/\/eldiariodesanpedro.com.ar\/sitio\/wp-json\/wp\/v2\/types\/post"}],"author":[{"embeddable":true,"href":"https:\/\/eldiariodesanpedro.com.ar\/sitio\/wp-json\/wp\/v2\/users\/4"}],"replies":[{"embeddable":true,"href":"https:\/\/eldiariodesanpedro.com.ar\/sitio\/wp-json\/wp\/v2\/comments?post=76884"}],"version-history":[{"count":1,"href":"https:\/\/eldiariodesanpedro.com.ar\/sitio\/wp-json\/wp\/v2\/posts\/76884\/revisions"}],"predecessor-version":[{"id":76886,"href":"https:\/\/eldiariodesanpedro.com.ar\/sitio\/wp-json\/wp\/v2\/posts\/76884\/revisions\/76886"}],"wp:featuredmedia":[{"embeddable":true,"href":"https:\/\/eldiariodesanpedro.com.ar\/sitio\/wp-json\/wp\/v2\/media\/76885"}],"wp:attachment":[{"href":"https:\/\/eldiariodesanpedro.com.ar\/sitio\/wp-json\/wp\/v2\/media?parent=76884"}],"wp:term":[{"taxonomy":"category","embeddable":true,"href":"https:\/\/eldiariodesanpedro.com.ar\/sitio\/wp-json\/wp\/v2\/categories?post=76884"},{"taxonomy":"post_tag","embeddable":true,"href":"https:\/\/eldiariodesanpedro.com.ar\/sitio\/wp-json\/wp\/v2\/tags?post=76884"}],"curies":[{"name":"wp","href":"https:\/\/api.w.org\/{rel}","templated":true}]}}