{"id":76881,"date":"2020-06-29T17:09:32","date_gmt":"2020-06-29T20:09:32","guid":{"rendered":"https:\/\/eldiariodesanpedro.com.ar\/sitio\/?p=76881"},"modified":"2020-06-29T17:09:36","modified_gmt":"2020-06-29T20:09:36","slug":"zarate-caso-positivo-de-coronavirus-en-empleada-del-hospital-municipal-favaloro","status":"publish","type":"post","link":"https:\/\/eldiariodesanpedro.com.ar\/sitio\/zarate-caso-positivo-de-coronavirus-en-empleada-del-hospital-municipal-favaloro\/","title":{"rendered":"Z\u00c1RATE | Caso positivo de Coronavirus en empleada del hospital municipal Favaloro"},"content":{"rendered":"<!-- VideographyWP Plugin Message: Automatic video embedding prevented by plugin options. -->\n\n<p>Se trata del tercer caso positivo dentro del equipo de la Secretaria de Salud Municipal de Z\u00e1rate.<\/p>\n\n\n\n<p>El sindicato Ate Seccional Z\u00e1rate confirm\u00f3 que \u201cen el d\u00eda de ayer se confirm\u00f3 un nuevo caso de COVID19 positivo dentro del personal de Secretaria de Salud\u201d.<\/p>\n\n\n\n<p>Se trata de una empleada que se desempe\u00f1a en el Hospital Intermedio Rene Favaloro Ex Upa24, quien no es profesional m\u00e9dico. Seg\u00fan se inform\u00f3 se encuentra estable, asintom\u00e1tica y en su domicilio.<\/p>\n\n\n\n<p>Ya se le realiz\u00f3 \u201cel hisopado a compa\u00f1eras\/os del mismo turno\u201d indicaron desde Ate clarificando que se trata de unas 15 personas aproximadamente.<\/p>\n\n\n\n<p>Fuente: <a href=\"http:\/\/impactolocal.com.ar\/2020\/06\/29\/caso-positivo-de-coronavirus-en-empleada-del-hospital-municipal-favaloro\/\">Impacto Local<\/a><\/p>\n","protected":false},"excerpt":{"rendered":"<p>Se trata del tercer caso positivo dentro del equipo de la Secretaria de Salud Municipal de Z\u00e1rate. El sindicato Ate Seccional Z\u00e1rate confirm\u00f3 que \u201cen el d\u00eda de ayer se confirm\u00f3 un nuevo caso de COVID19 positivo dentro del personal de Secretaria de Salud\u201d. Se trata de una empleada que se desempe\u00f1a en el Hospital [&hellip;]<\/p>\n","protected":false},"author":4,"featured_media":76882,"comment_status":"open","ping_status":"closed","sticky":false,"template":"","format":"standard","meta":{"om_disable_all_campaigns":false,"_jetpack_memberships_contains_paid_content":false,"footnotes":""},"categories":[621],"tags":[197,681],"class_list":["post-76881","post","type-post","status-publish","format-standard","has-post-thumbnail","hentry","category-regionales","tag-buenos-aires","tag-regionales"],"aioseo_notices":[],"gutentor_comment":0,"jetpack_featured_media_url":"https:\/\/eldiariodesanpedro.com.ar\/sitio\/wp-content\/uploads\/2020\/06\/hospital-intermedio-ex-upa.jpg","jetpack_shortlink":"https:\/\/wp.me\/p6RhLt-k01","jetpack_sharing_enabled":true,"_links":{"self":[{"href":"https:\/\/eldiariodesanpedro.com.ar\/sitio\/wp-json\/wp\/v2\/posts\/76881","targetHints":{"allow":["GET"]}}],"collection":[{"href":"https:\/\/eldiariodesanpedro.com.ar\/sitio\/wp-json\/wp\/v2\/posts"}],"about":[{"href":"https:\/\/eldiariodesanpedro.com.ar\/sitio\/wp-json\/wp\/v2\/types\/post"}],"author":[{"embeddable":true,"href":"https:\/\/eldiariodesanpedro.com.ar\/sitio\/wp-json\/wp\/v2\/users\/4"}],"replies":[{"embeddable":true,"href":"https:\/\/eldiariodesanpedro.com.ar\/sitio\/wp-json\/wp\/v2\/comments?post=76881"}],"version-history":[{"count":1,"href":"https:\/\/eldiariodesanpedro.com.ar\/sitio\/wp-json\/wp\/v2\/posts\/76881\/revisions"}],"predecessor-version":[{"id":76883,"href":"https:\/\/eldiariodesanpedro.com.ar\/sitio\/wp-json\/wp\/v2\/posts\/76881\/revisions\/76883"}],"wp:featuredmedia":[{"embeddable":true,"href":"https:\/\/eldiariodesanpedro.com.ar\/sitio\/wp-json\/wp\/v2\/media\/76882"}],"wp:attachment":[{"href":"https:\/\/eldiariodesanpedro.com.ar\/sitio\/wp-json\/wp\/v2\/media?parent=76881"}],"wp:term":[{"taxonomy":"category","embeddable":true,"href":"https:\/\/eldiariodesanpedro.com.ar\/sitio\/wp-json\/wp\/v2\/categories?post=76881"},{"taxonomy":"post_tag","embeddable":true,"href":"https:\/\/eldiariodesanpedro.com.ar\/sitio\/wp-json\/wp\/v2\/tags?post=76881"}],"curies":[{"name":"wp","href":"https:\/\/api.w.org\/{rel}","templated":true}]}}