{"id":76877,"date":"2020-06-29T17:01:32","date_gmt":"2020-06-29T20:01:32","guid":{"rendered":"https:\/\/eldiariodesanpedro.com.ar\/sitio\/?p=76877"},"modified":"2020-06-29T17:01:33","modified_gmt":"2020-06-29T20:01:33","slug":"campana-coronavirus-1-nuevo-contagio-y-11-vecinos-recuperados-mas","status":"publish","type":"post","link":"https:\/\/eldiariodesanpedro.com.ar\/sitio\/campana-coronavirus-1-nuevo-contagio-y-11-vecinos-recuperados-mas\/","title":{"rendered":"CAMPANA | Coronavirus: 1 nuevo contagio y 11 vecinos recuperados m\u00e1s"},"content":{"rendered":"<!-- VideographyWP Plugin Message: Automatic video embedding prevented by plugin options. -->\n\n<p>Salud Municipal contabiliz\u00f3 en el total 140 Positivos hasta la fecha. De ellos, 42 son Confirmados activos, 91 se han Recuperado y siguen siendo 7 las personas que fallecieron.<\/p>\n\n\n\n<p>A trav\u00e9s de su Secretar\u00eda de Salud, Campana dio a conocer su \u201cInforme Diario\u201d en el que totaliza desde el inicio de la crisis sanitaria global por Coronavirus 140 Casos Positivos.<\/p>\n\n\n\n<p>Si tomamos en cuenta el parte local de ayer, en las \u00faltimas 24hs se registr\u00f3 1 Caso nuevos de la mencionada infecci\u00f3n.<\/p>\n\n\n\n<p>En cuanto a los Casos Positivos activos (en la actualidad), desde el Municipio se inform\u00f3 la existencia de 42 personas.<\/p>\n\n\n\n<p>La cifra de Recuperados alcanza a 91 (el domingo eran 80) y siguen siendo 7 las personas que fallecieron.<\/p>\n\n\n\n<p>Fuente: <a href=\"https:\/\/www.campananoticias.com\/noticia\/61769\/coronavirus-en-campana-1-nuevo-contagio-y-11-vecinos-recuperados-ms\">Campana Noticias<\/a><\/p>\n\n\n\n<figure class=\"wp-block-image size-large\"><img decoding=\"async\" width=\"910\" height=\"538\" data-attachment-id=\"76878\" data-permalink=\"https:\/\/eldiariodesanpedro.com.ar\/sitio\/campana-coronavirus-1-nuevo-contagio-y-11-vecinos-recuperados-mas\/attachment\/20200629015104\/\" data-orig-file=\"https:\/\/eldiariodesanpedro.com.ar\/sitio\/wp-content\/uploads\/2020\/06\/20200629015104.jpg\" data-orig-size=\"910,538\" data-comments-opened=\"1\" data-image-meta=\"{&quot;aperture&quot;:&quot;0&quot;,&quot;credit&quot;:&quot;&quot;,&quot;camera&quot;:&quot;&quot;,&quot;caption&quot;:&quot;&quot;,&quot;created_timestamp&quot;:&quot;0&quot;,&quot;copyright&quot;:&quot;&quot;,&quot;focal_length&quot;:&quot;0&quot;,&quot;iso&quot;:&quot;0&quot;,&quot;shutter_speed&quot;:&quot;0&quot;,&quot;title&quot;:&quot;&quot;,&quot;orientation&quot;:&quot;0&quot;}\" data-image-title=\"20200629015104\" data-image-description=\"\" data-image-caption=\"\" data-large-file=\"https:\/\/eldiariodesanpedro.com.ar\/sitio\/wp-content\/uploads\/2020\/06\/20200629015104.jpg\" data-src=\"https:\/\/eldiariodesanpedro.com.ar\/sitio\/wp-content\/uploads\/2020\/06\/20200629015104.jpg\" alt=\"\" class=\"wp-image-76878 lazyload\" data-srcset=\"https:\/\/eldiariodesanpedro.com.ar\/sitio\/wp-content\/uploads\/2020\/06\/20200629015104.jpg 910w, https:\/\/eldiariodesanpedro.com.ar\/sitio\/wp-content\/uploads\/2020\/06\/20200629015104-300x177.jpg 300w, https:\/\/eldiariodesanpedro.com.ar\/sitio\/wp-content\/uploads\/2020\/06\/20200629015104-768x454.jpg 768w\" data-sizes=\"(max-width: 910px) 100vw, 910px\" src=\"data:image\/svg+xml;base64,PHN2ZyB3aWR0aD0iMSIgaGVpZ2h0PSIxIiB4bWxucz0iaHR0cDovL3d3dy53My5vcmcvMjAwMC9zdmciPjwvc3ZnPg==\" style=\"--smush-placeholder-width: 910px; --smush-placeholder-aspect-ratio: 910\/538;\" \/><\/figure>\n","protected":false},"excerpt":{"rendered":"<p>Salud Municipal contabiliz\u00f3 en el total 140 Positivos hasta la fecha. De ellos, 42 son Confirmados activos, 91 se han Recuperado y siguen siendo 7 las personas que fallecieron. A trav\u00e9s de su Secretar\u00eda de Salud, Campana dio a conocer su \u201cInforme Diario\u201d en el que totaliza desde el inicio de la crisis sanitaria global [&hellip;]<\/p>\n","protected":false},"author":4,"featured_media":74741,"comment_status":"open","ping_status":"closed","sticky":false,"template":"","format":"standard","meta":{"om_disable_all_campaigns":false,"_jetpack_memberships_contains_paid_content":false,"footnotes":""},"categories":[621],"tags":[197,686,681],"class_list":["post-76877","post","type-post","status-publish","format-standard","has-post-thumbnail","hentry","category-regionales","tag-buenos-aires","tag-campana-2","tag-regionales"],"aioseo_notices":[],"gutentor_comment":0,"jetpack_featured_media_url":"https:\/\/eldiariodesanpedro.com.ar\/sitio\/wp-content\/uploads\/2020\/06\/Corona2.jpg","jetpack_shortlink":"https:\/\/wp.me\/p6RhLt-jZX","jetpack_sharing_enabled":true,"_links":{"self":[{"href":"https:\/\/eldiariodesanpedro.com.ar\/sitio\/wp-json\/wp\/v2\/posts\/76877","targetHints":{"allow":["GET"]}}],"collection":[{"href":"https:\/\/eldiariodesanpedro.com.ar\/sitio\/wp-json\/wp\/v2\/posts"}],"about":[{"href":"https:\/\/eldiariodesanpedro.com.ar\/sitio\/wp-json\/wp\/v2\/types\/post"}],"author":[{"embeddable":true,"href":"https:\/\/eldiariodesanpedro.com.ar\/sitio\/wp-json\/wp\/v2\/users\/4"}],"replies":[{"embeddable":true,"href":"https:\/\/eldiariodesanpedro.com.ar\/sitio\/wp-json\/wp\/v2\/comments?post=76877"}],"version-history":[{"count":1,"href":"https:\/\/eldiariodesanpedro.com.ar\/sitio\/wp-json\/wp\/v2\/posts\/76877\/revisions"}],"predecessor-version":[{"id":76879,"href":"https:\/\/eldiariodesanpedro.com.ar\/sitio\/wp-json\/wp\/v2\/posts\/76877\/revisions\/76879"}],"wp:featuredmedia":[{"embeddable":true,"href":"https:\/\/eldiariodesanpedro.com.ar\/sitio\/wp-json\/wp\/v2\/media\/74741"}],"wp:attachment":[{"href":"https:\/\/eldiariodesanpedro.com.ar\/sitio\/wp-json\/wp\/v2\/media?parent=76877"}],"wp:term":[{"taxonomy":"category","embeddable":true,"href":"https:\/\/eldiariodesanpedro.com.ar\/sitio\/wp-json\/wp\/v2\/categories?post=76877"},{"taxonomy":"post_tag","embeddable":true,"href":"https:\/\/eldiariodesanpedro.com.ar\/sitio\/wp-json\/wp\/v2\/tags?post=76877"}],"curies":[{"name":"wp","href":"https:\/\/api.w.org\/{rel}","templated":true}]}}