{"id":76874,"date":"2020-06-29T16:56:01","date_gmt":"2020-06-29T19:56:01","guid":{"rendered":"https:\/\/eldiariodesanpedro.com.ar\/sitio\/?p=76874"},"modified":"2020-06-29T16:56:01","modified_gmt":"2020-06-29T19:56:01","slug":"campana-investigan-la-muerte-de-magali-una-nina-de-tan-solo-4-anos","status":"publish","type":"post","link":"https:\/\/eldiariodesanpedro.com.ar\/sitio\/campana-investigan-la-muerte-de-magali-una-nina-de-tan-solo-4-anos\/","title":{"rendered":"CAMPANA | Investigan la muerte de Magal\u00ed, una ni\u00f1a de tan s\u00f3lo 4 a\u00f1os"},"content":{"rendered":"<!-- VideographyWP Plugin Message: Automatic video embedding prevented by plugin options. -->\n\n<p>Dej\u00f3 de vivir con sus pap\u00e1s y pas\u00f3 al cuidado de una \u201cfamilia del coraz\u00f3n\u201d y finalmente lleg\u00f3 al Hogar de Ni\u00f1os.\u00a0La Justicia determin\u00f3 su revinculaci\u00f3n con la abuela paterna. Luego de 6 meses fue hallada sin vida. A\u00fan se investigan las razones de la muerte.<\/p>\n\n\n\n<p>\u201cLa muerte de Magal\u00ed no puede ser en vano. Que no haya nunca m\u00e1s una historia as\u00ed ni un ni\u00f1o menos\u201d, relata un mensaje que se viraliz\u00f3 por las redes sociales, luego de se conociera la noticia.<\/p>\n\n\n\n<p>Magal\u00ed Cardozo ten\u00eda 4 a\u00f1os y fue trasladada de urgencia desde el Barrio San Cayetano al Hospital San Jos\u00e9. Lamentablemente, ya estaba sin vida. A\u00fan se investigan lo causales de muerte y se aguardan los resultados de las pericias para determinar las circunstancias del deceso.<\/p>\n\n\n\n<p>Seg\u00fan se conoci\u00f3, la ni\u00f1a estaba al cuidado de una \u201cfamilia del coraz\u00f3n\u201d ya que no habr\u00eda sido contenida por sus padres. A pesar de protegerla un tiempo, finalmente el a\u00f1o pasado lleg\u00f3 al Hogar del Ni\u00f1o Nuestra Se\u00f1ora de Lourdes.<\/p>\n\n\n\n<p>En el Hogar vivi\u00f3 desde Septiembre hasta Diciembre, y finalmente la Justicia determin\u00f3 revincularla con la abuela paterna. \u00abSi bien parece un tiempo breve, la decisi\u00f3n de entrar o salir no depende de la instituci\u00f3n sino que la tiene un Juez\u00bb comentaron a CN fuentes cercanas al caso.<\/p>\n\n\n\n<p>Luego de seis meses se conoci\u00f3 la triste noticia; Magal\u00ed perdi\u00f3 la vida por razones que a\u00fan no han sido develadas. Sin embargo, versiones se\u00f1alan una situaci\u00f3n de negligencia, ya que en ocasiones habr\u00edan visto a la peque\u00f1a en remera y durmiendo afuera, cuando la temperatura ya marcaba registros m\u00ednimos.<\/p>\n\n\n\n<p>Adem\u00e1s, surgieron reclamos contra la Justicia porque no habr\u00eda realizado el correspondiente seguimiento del caso de la ni\u00f1a, para saber si era contenida o si viv\u00eda en condiciones dignas.<\/p>\n\n\n\n<p>Claramente, muchas preguntas para respuestas que ciertamente llegar\u00e1n tarde.<\/p>\n\n\n\n<p>Fuente: <a href=\"https:\/\/www.campananoticias.com\/noticia\/61757\/investigan-la-muerte-de-magal-una-nia-de-tan-slo-4-aos\">Campana Noticias<\/a><\/p>\n","protected":false},"excerpt":{"rendered":"<p>Dej\u00f3 de vivir con sus pap\u00e1s y pas\u00f3 al cuidado de una \u201cfamilia del coraz\u00f3n\u201d y finalmente lleg\u00f3 al Hogar de Ni\u00f1os.\u00a0La Justicia determin\u00f3 su revinculaci\u00f3n con la abuela paterna. Luego de 6 meses fue hallada sin vida. A\u00fan se investigan las razones de la muerte. \u201cLa muerte de Magal\u00ed no puede ser en vano. [&hellip;]<\/p>\n","protected":false},"author":4,"featured_media":76875,"comment_status":"open","ping_status":"closed","sticky":false,"template":"","format":"standard","meta":{"om_disable_all_campaigns":false,"_jetpack_memberships_contains_paid_content":false,"footnotes":""},"categories":[621],"tags":[197,681],"class_list":["post-76874","post","type-post","status-publish","format-standard","has-post-thumbnail","hentry","category-regionales","tag-buenos-aires","tag-regionales"],"aioseo_notices":[],"gutentor_comment":0,"jetpack_featured_media_url":"https:\/\/eldiariodesanpedro.com.ar\/sitio\/wp-content\/uploads\/2020\/06\/20200628114330.jpg","jetpack_shortlink":"https:\/\/wp.me\/p6RhLt-jZU","jetpack_sharing_enabled":true,"_links":{"self":[{"href":"https:\/\/eldiariodesanpedro.com.ar\/sitio\/wp-json\/wp\/v2\/posts\/76874","targetHints":{"allow":["GET"]}}],"collection":[{"href":"https:\/\/eldiariodesanpedro.com.ar\/sitio\/wp-json\/wp\/v2\/posts"}],"about":[{"href":"https:\/\/eldiariodesanpedro.com.ar\/sitio\/wp-json\/wp\/v2\/types\/post"}],"author":[{"embeddable":true,"href":"https:\/\/eldiariodesanpedro.com.ar\/sitio\/wp-json\/wp\/v2\/users\/4"}],"replies":[{"embeddable":true,"href":"https:\/\/eldiariodesanpedro.com.ar\/sitio\/wp-json\/wp\/v2\/comments?post=76874"}],"version-history":[{"count":1,"href":"https:\/\/eldiariodesanpedro.com.ar\/sitio\/wp-json\/wp\/v2\/posts\/76874\/revisions"}],"predecessor-version":[{"id":76876,"href":"https:\/\/eldiariodesanpedro.com.ar\/sitio\/wp-json\/wp\/v2\/posts\/76874\/revisions\/76876"}],"wp:featuredmedia":[{"embeddable":true,"href":"https:\/\/eldiariodesanpedro.com.ar\/sitio\/wp-json\/wp\/v2\/media\/76875"}],"wp:attachment":[{"href":"https:\/\/eldiariodesanpedro.com.ar\/sitio\/wp-json\/wp\/v2\/media?parent=76874"}],"wp:term":[{"taxonomy":"category","embeddable":true,"href":"https:\/\/eldiariodesanpedro.com.ar\/sitio\/wp-json\/wp\/v2\/categories?post=76874"},{"taxonomy":"post_tag","embeddable":true,"href":"https:\/\/eldiariodesanpedro.com.ar\/sitio\/wp-json\/wp\/v2\/tags?post=76874"}],"curies":[{"name":"wp","href":"https:\/\/api.w.org\/{rel}","templated":true}]}}