{"id":76871,"date":"2020-06-29T16:53:32","date_gmt":"2020-06-29T19:53:32","guid":{"rendered":"https:\/\/eldiariodesanpedro.com.ar\/sitio\/?p=76871"},"modified":"2020-06-29T16:53:36","modified_gmt":"2020-06-29T19:53:36","slug":"san-nicolas-golpeo-y-quemo-con-un-cigarrillo-a-su-pareja","status":"publish","type":"post","link":"https:\/\/eldiariodesanpedro.com.ar\/sitio\/san-nicolas-golpeo-y-quemo-con-un-cigarrillo-a-su-pareja\/","title":{"rendered":"SAN NICOL\u00c1S | Golpe\u00f3 y quem\u00f3 con un cigarrillo a su pareja"},"content":{"rendered":"<!-- VideographyWP Plugin Message: Automatic video embedding prevented by plugin options. -->\n\n<p>El hecho ocurri\u00f3 en un domicilio de calle Mitre y Urquiza. Una mujer de 20 a\u00f1os fue v\u00edctima de violencia de g\u00e9nero.<\/p>\n\n\n\n<p>Su pareja, un sujeto de 19 a\u00f1os, la golpe\u00f3 y la quem\u00f3 con un cigarrillo.<\/p>\n\n\n\n<p>Finalmente fue aprehendido y trasladado a sede policial. Se labraron actuaciones por Lesiones Leves.<\/p>\n\n\n\n<p>Fuente: <a href=\"http:\/\/www.diarioelinformante.com.ar\/nota-57973_golpe-y-quem-con-un-cigarrillo-a-su-pareja\">Diario El Informante<\/a><\/p>\n","protected":false},"excerpt":{"rendered":"<p>El hecho ocurri\u00f3 en un domicilio de calle Mitre y Urquiza. Una mujer de 20 a\u00f1os fue v\u00edctima de violencia de g\u00e9nero. Su pareja, un sujeto de 19 a\u00f1os, la golpe\u00f3 y la quem\u00f3 con un cigarrillo. Finalmente fue aprehendido y trasladado a sede policial. Se labraron actuaciones por Lesiones Leves. Fuente: Diario El Informante<\/p>\n","protected":false},"author":4,"featured_media":76872,"comment_status":"open","ping_status":"closed","sticky":false,"template":"","format":"standard","meta":{"om_disable_all_campaigns":false,"_jetpack_memberships_contains_paid_content":false,"footnotes":""},"categories":[621],"tags":[197,681,714],"class_list":["post-76871","post","type-post","status-publish","format-standard","has-post-thumbnail","hentry","category-regionales","tag-buenos-aires","tag-regionales","tag-san-nicolas"],"aioseo_notices":[],"gutentor_comment":0,"jetpack_featured_media_url":"https:\/\/eldiariodesanpedro.com.ar\/sitio\/wp-content\/uploads\/2020\/06\/conmarca26973.jpg","jetpack_shortlink":"https:\/\/wp.me\/p6RhLt-jZR","jetpack_sharing_enabled":true,"_links":{"self":[{"href":"https:\/\/eldiariodesanpedro.com.ar\/sitio\/wp-json\/wp\/v2\/posts\/76871","targetHints":{"allow":["GET"]}}],"collection":[{"href":"https:\/\/eldiariodesanpedro.com.ar\/sitio\/wp-json\/wp\/v2\/posts"}],"about":[{"href":"https:\/\/eldiariodesanpedro.com.ar\/sitio\/wp-json\/wp\/v2\/types\/post"}],"author":[{"embeddable":true,"href":"https:\/\/eldiariodesanpedro.com.ar\/sitio\/wp-json\/wp\/v2\/users\/4"}],"replies":[{"embeddable":true,"href":"https:\/\/eldiariodesanpedro.com.ar\/sitio\/wp-json\/wp\/v2\/comments?post=76871"}],"version-history":[{"count":1,"href":"https:\/\/eldiariodesanpedro.com.ar\/sitio\/wp-json\/wp\/v2\/posts\/76871\/revisions"}],"predecessor-version":[{"id":76873,"href":"https:\/\/eldiariodesanpedro.com.ar\/sitio\/wp-json\/wp\/v2\/posts\/76871\/revisions\/76873"}],"wp:featuredmedia":[{"embeddable":true,"href":"https:\/\/eldiariodesanpedro.com.ar\/sitio\/wp-json\/wp\/v2\/media\/76872"}],"wp:attachment":[{"href":"https:\/\/eldiariodesanpedro.com.ar\/sitio\/wp-json\/wp\/v2\/media?parent=76871"}],"wp:term":[{"taxonomy":"category","embeddable":true,"href":"https:\/\/eldiariodesanpedro.com.ar\/sitio\/wp-json\/wp\/v2\/categories?post=76871"},{"taxonomy":"post_tag","embeddable":true,"href":"https:\/\/eldiariodesanpedro.com.ar\/sitio\/wp-json\/wp\/v2\/tags?post=76871"}],"curies":[{"name":"wp","href":"https:\/\/api.w.org\/{rel}","templated":true}]}}