{"id":76868,"date":"2020-06-29T16:51:19","date_gmt":"2020-06-29T19:51:19","guid":{"rendered":"https:\/\/eldiariodesanpedro.com.ar\/sitio\/?p=76868"},"modified":"2020-06-29T16:51:24","modified_gmt":"2020-06-29T19:51:24","slug":"san-nicolas-robaron-la-escopeta-de-un-efectivo-policial","status":"publish","type":"post","link":"https:\/\/eldiariodesanpedro.com.ar\/sitio\/san-nicolas-robaron-la-escopeta-de-un-efectivo-policial\/","title":{"rendered":"SAN NICOL\u00c1S | Robaron la escopeta de un efectivo policial"},"content":{"rendered":"<!-- VideographyWP Plugin Message: Automatic video embedding prevented by plugin options. -->\n\n<p>El hecho ocurri\u00f3 en horas de la noche del domingo. Dos efectivos policiales a bordo de una patrulla, divisaron a dos sujetos discutiendo en la esquina de calle Garibaldi y Santiago del Estero y al acercarse uno de ellos sale huyendo en una moto.<\/p>\n\n\n\n<p>Al intentar identificar al otro individuo, este se resiste y comienza a forcejear con ambos uniformados.<\/p>\n\n\n\n<p>Mientras intentaban reducirlo, el sujeto que se hab\u00eda ido en moto, volvi\u00f3 y se sac\u00f3 del patrullero la escopeta policial y se da a la fuga.<\/p>\n\n\n\n<p>Fuente: <a href=\"http:\/\/www.diarioelinformante.com.ar\/nota-57971_robaron-la-escopeta-de-un-efectivo-policial\">Diario El Informante<\/a><\/p>\n","protected":false},"excerpt":{"rendered":"<p>El hecho ocurri\u00f3 en horas de la noche del domingo. Dos efectivos policiales a bordo de una patrulla, divisaron a dos sujetos discutiendo en la esquina de calle Garibaldi y Santiago del Estero y al acercarse uno de ellos sale huyendo en una moto. Al intentar identificar al otro individuo, este se resiste y comienza [&hellip;]<\/p>\n","protected":false},"author":4,"featured_media":76869,"comment_status":"open","ping_status":"closed","sticky":false,"template":"","format":"standard","meta":{"om_disable_all_campaigns":false,"_jetpack_memberships_contains_paid_content":false,"footnotes":""},"categories":[621],"tags":[197,714],"class_list":["post-76868","post","type-post","status-publish","format-standard","has-post-thumbnail","hentry","category-regionales","tag-buenos-aires","tag-san-nicolas"],"aioseo_notices":[],"gutentor_comment":0,"jetpack_featured_media_url":"https:\/\/eldiariodesanpedro.com.ar\/sitio\/wp-content\/uploads\/2020\/06\/no_5xy04oxdoy5kapynop1c2rjhuqt1rjj1ct912k4g249ht1.jpg","jetpack_shortlink":"https:\/\/wp.me\/p6RhLt-jZO","jetpack_sharing_enabled":true,"_links":{"self":[{"href":"https:\/\/eldiariodesanpedro.com.ar\/sitio\/wp-json\/wp\/v2\/posts\/76868","targetHints":{"allow":["GET"]}}],"collection":[{"href":"https:\/\/eldiariodesanpedro.com.ar\/sitio\/wp-json\/wp\/v2\/posts"}],"about":[{"href":"https:\/\/eldiariodesanpedro.com.ar\/sitio\/wp-json\/wp\/v2\/types\/post"}],"author":[{"embeddable":true,"href":"https:\/\/eldiariodesanpedro.com.ar\/sitio\/wp-json\/wp\/v2\/users\/4"}],"replies":[{"embeddable":true,"href":"https:\/\/eldiariodesanpedro.com.ar\/sitio\/wp-json\/wp\/v2\/comments?post=76868"}],"version-history":[{"count":1,"href":"https:\/\/eldiariodesanpedro.com.ar\/sitio\/wp-json\/wp\/v2\/posts\/76868\/revisions"}],"predecessor-version":[{"id":76870,"href":"https:\/\/eldiariodesanpedro.com.ar\/sitio\/wp-json\/wp\/v2\/posts\/76868\/revisions\/76870"}],"wp:featuredmedia":[{"embeddable":true,"href":"https:\/\/eldiariodesanpedro.com.ar\/sitio\/wp-json\/wp\/v2\/media\/76869"}],"wp:attachment":[{"href":"https:\/\/eldiariodesanpedro.com.ar\/sitio\/wp-json\/wp\/v2\/media?parent=76868"}],"wp:term":[{"taxonomy":"category","embeddable":true,"href":"https:\/\/eldiariodesanpedro.com.ar\/sitio\/wp-json\/wp\/v2\/categories?post=76868"},{"taxonomy":"post_tag","embeddable":true,"href":"https:\/\/eldiariodesanpedro.com.ar\/sitio\/wp-json\/wp\/v2\/tags?post=76868"}],"curies":[{"name":"wp","href":"https:\/\/api.w.org\/{rel}","templated":true}]}}