{"id":76865,"date":"2020-06-29T16:49:22","date_gmt":"2020-06-29T19:49:22","guid":{"rendered":"https:\/\/eldiariodesanpedro.com.ar\/sitio\/?p=76865"},"modified":"2020-06-29T16:49:26","modified_gmt":"2020-06-29T19:49:26","slug":"san-nicolas-ni-estando-muerto-te-dejan-en-paz","status":"publish","type":"post","link":"https:\/\/eldiariodesanpedro.com.ar\/sitio\/san-nicolas-ni-estando-muerto-te-dejan-en-paz\/","title":{"rendered":"SAN NICOL\u00c1S | Ni estando muerto te dejan en paz"},"content":{"rendered":"<!-- VideographyWP Plugin Message: Automatic video embedding prevented by plugin options. -->\n\n<p>Impactantes im\u00e1genes trascienden a trav\u00e9s de las redes sociales. En las mismas se puede observar f\u00e9retros abiertos conjuntamente con restos humanos. Algunos muy deteriorados por el paso del tiempo.<\/p>\n\n\n\n<p>Los vecinos de la ciudad de San Nicol\u00e1s manifestaron su descontento tras ver estas im\u00e1genes que fueron filtradas por alg\u00fan vecino. En la fotos estan los cajones abiertos, rotos y amontonados entre la basura. De inmediato se viraliz\u00f3 la situaci\u00f3n a trav\u00e9s de las redes y la mayor molestia, seg\u00fan expresan los usuarios de facebook, fue la falta de comunicaci\u00f3n municipal, ya que aparentemente no habr\u00edan avisado previamente que iban a realizar esta limpieza. Tal es la situaci\u00f3n que muchos desconf\u00edan que sus familiares est\u00e9n en el lugar de siempre.<\/p>\n\n\n\n<p>Desde un medio nicole\u00f1o publicaron que: \u00abEL MUNICIPIO REALIZA TAREAS DE MANTENIMIENTO EN EL CEMENTERIO Con el objetivo de recuperar y mantener este espacio donde descansan los seres queridos que ya no est\u00e1n, y aprovechando los d\u00edas que el cementerio mantuvo las puertas cerradas producto de la pandemia, trabajadores municipales pertenecientes a la Direcci\u00f3n del Cementerio desarrollaron tareas de limpieza, pintura y mantenimiento en el dicho lugar.<\/p>\n\n\n\n<p>Los mismos fueron desarrollados cumpliendo los protocolos establecidos. Adem\u00e1s, se llev\u00f3 a cabo la reducci\u00f3n de restos y su posterior traslado al osario general, a aquellas parcelas y nichos vencidos hace m\u00e1s de 5 a\u00f1os.<\/p>\n\n\n\n<p>\u201cEs un procedimiento habitual, en este caso se tomaron nichos con m\u00e1s de 5 a\u00f1os de vencimiento. En estos casos primero se publican los vencimientos en los edictos del diario de la ciudad y en la web oficial de la Municipalidad y en el caso de los que no son renovados, se procede a realizar la reducci\u00f3n de restos y la reubicaci\u00f3n de los mismos\u201d, explic\u00f3 el Director de Contralor Municipal \u00d3scar Rodr\u00edguez\u00bb.<\/p>\n\n\n\n<p>Fuente: Ramallo Informa<\/p>\n","protected":false},"excerpt":{"rendered":"<p>Impactantes im\u00e1genes trascienden a trav\u00e9s de las redes sociales. En las mismas se puede observar f\u00e9retros abiertos conjuntamente con restos humanos. Algunos muy deteriorados por el paso del tiempo. Los vecinos de la ciudad de San Nicol\u00e1s manifestaron su descontento tras ver estas im\u00e1genes que fueron filtradas por alg\u00fan vecino. En la fotos estan los [&hellip;]<\/p>\n","protected":false},"author":4,"featured_media":76866,"comment_status":"open","ping_status":"closed","sticky":false,"template":"","format":"standard","meta":{"om_disable_all_campaigns":false,"_jetpack_memberships_contains_paid_content":false,"footnotes":""},"categories":[621],"tags":[197,681],"class_list":["post-76865","post","type-post","status-publish","format-standard","has-post-thumbnail","hentry","category-regionales","tag-buenos-aires","tag-regionales"],"aioseo_notices":[],"gutentor_comment":0,"jetpack_featured_media_url":"https:\/\/eldiariodesanpedro.com.ar\/sitio\/wp-content\/uploads\/2020\/06\/75394221_2476131986010382_7234558815867674653_o-600x450-1.jpg","jetpack_shortlink":"https:\/\/wp.me\/p6RhLt-jZL","jetpack_sharing_enabled":true,"_links":{"self":[{"href":"https:\/\/eldiariodesanpedro.com.ar\/sitio\/wp-json\/wp\/v2\/posts\/76865","targetHints":{"allow":["GET"]}}],"collection":[{"href":"https:\/\/eldiariodesanpedro.com.ar\/sitio\/wp-json\/wp\/v2\/posts"}],"about":[{"href":"https:\/\/eldiariodesanpedro.com.ar\/sitio\/wp-json\/wp\/v2\/types\/post"}],"author":[{"embeddable":true,"href":"https:\/\/eldiariodesanpedro.com.ar\/sitio\/wp-json\/wp\/v2\/users\/4"}],"replies":[{"embeddable":true,"href":"https:\/\/eldiariodesanpedro.com.ar\/sitio\/wp-json\/wp\/v2\/comments?post=76865"}],"version-history":[{"count":1,"href":"https:\/\/eldiariodesanpedro.com.ar\/sitio\/wp-json\/wp\/v2\/posts\/76865\/revisions"}],"predecessor-version":[{"id":76867,"href":"https:\/\/eldiariodesanpedro.com.ar\/sitio\/wp-json\/wp\/v2\/posts\/76865\/revisions\/76867"}],"wp:featuredmedia":[{"embeddable":true,"href":"https:\/\/eldiariodesanpedro.com.ar\/sitio\/wp-json\/wp\/v2\/media\/76866"}],"wp:attachment":[{"href":"https:\/\/eldiariodesanpedro.com.ar\/sitio\/wp-json\/wp\/v2\/media?parent=76865"}],"wp:term":[{"taxonomy":"category","embeddable":true,"href":"https:\/\/eldiariodesanpedro.com.ar\/sitio\/wp-json\/wp\/v2\/categories?post=76865"},{"taxonomy":"post_tag","embeddable":true,"href":"https:\/\/eldiariodesanpedro.com.ar\/sitio\/wp-json\/wp\/v2\/tags?post=76865"}],"curies":[{"name":"wp","href":"https:\/\/api.w.org\/{rel}","templated":true}]}}