{"id":76824,"date":"2020-06-28T18:58:22","date_gmt":"2020-06-28T21:58:22","guid":{"rendered":"https:\/\/eldiariodesanpedro.com.ar\/sitio\/?p=76824"},"modified":"2020-06-28T18:58:25","modified_gmt":"2020-06-28T21:58:25","slug":"tras-100-dias-de-cuarentena-san-pedro-es-la-ciudad-con-mayor-contagios-de-la-region","status":"publish","type":"post","link":"https:\/\/eldiariodesanpedro.com.ar\/sitio\/tras-100-dias-de-cuarentena-san-pedro-es-la-ciudad-con-mayor-contagios-de-la-region\/","title":{"rendered":"Tras 100 d\u00edas de cuarentena San Pedro es la ciudad con mayor contagios de la regi\u00f3n"},"content":{"rendered":"<!-- VideographyWP Plugin Message: Automatic video embedding prevented by plugin options. -->\n\n<p>Seg\u00fan informa el mapa de la Secretar\u00eda de Salud de la Provincia de Buenos Aires en nuestra regi\u00f3n norte San Pedro es la ciudad con mayor cantidad de casos, donde solo en un poco mas de una semana aparecieron 50 casos<\/p>\n\n\n\n<p><a href=\"https:\/\/eldiariodesanpedro.com.ar\/sitio\/estado-del-virus-en-la-zona-norte-de-la-provincia\/\">El primer informe que hizo el Diario de San Pedro sobre el estado del coronavirus en la regi\u00f3n fue el pasado 28 de Juni<\/a>o, exactamente hace un mes. En ese momento era una de las localidades del interior de la Provincia de Buenos Aires que menos casos positivos presenta con coronavirus junto a las localidades vecinas.<\/p>\n\n\n\n<figure class=\"wp-block-image size-large\"><img decoding=\"async\" width=\"768\" height=\"432\" data-attachment-id=\"76825\" data-permalink=\"https:\/\/eldiariodesanpedro.com.ar\/sitio\/tras-100-dias-de-cuarentena-san-pedro-es-la-ciudad-con-mayor-contagios-de-la-region\/2020-05-28-5-2\/\" data-orig-file=\"https:\/\/eldiariodesanpedro.com.ar\/sitio\/wp-content\/uploads\/2020\/06\/2020-05-28-5.png\" data-orig-size=\"768,432\" data-comments-opened=\"1\" data-image-meta=\"{&quot;aperture&quot;:&quot;0&quot;,&quot;credit&quot;:&quot;&quot;,&quot;camera&quot;:&quot;&quot;,&quot;caption&quot;:&quot;&quot;,&quot;created_timestamp&quot;:&quot;0&quot;,&quot;copyright&quot;:&quot;&quot;,&quot;focal_length&quot;:&quot;0&quot;,&quot;iso&quot;:&quot;0&quot;,&quot;shutter_speed&quot;:&quot;0&quot;,&quot;title&quot;:&quot;&quot;,&quot;orientation&quot;:&quot;0&quot;}\" data-image-title=\"2020-05-28-5\" data-image-description=\"\" data-image-caption=\"\" data-large-file=\"https:\/\/eldiariodesanpedro.com.ar\/sitio\/wp-content\/uploads\/2020\/06\/2020-05-28-5.png\" data-src=\"https:\/\/eldiariodesanpedro.com.ar\/sitio\/wp-content\/uploads\/2020\/06\/2020-05-28-5.png\" alt=\"\" class=\"wp-image-76825 lazyload\" data-srcset=\"https:\/\/eldiariodesanpedro.com.ar\/sitio\/wp-content\/uploads\/2020\/06\/2020-05-28-5.png 768w, https:\/\/eldiariodesanpedro.com.ar\/sitio\/wp-content\/uploads\/2020\/06\/2020-05-28-5-300x169.png 300w\" data-sizes=\"(max-width: 768px) 100vw, 768px\" src=\"data:image\/svg+xml;base64,PHN2ZyB3aWR0aD0iMSIgaGVpZ2h0PSIxIiB4bWxucz0iaHR0cDovL3d3dy53My5vcmcvMjAwMC9zdmciPjwvc3ZnPg==\" style=\"--smush-placeholder-width: 768px; --smush-placeholder-aspect-ratio: 768\/432;\" \/><\/figure>\n\n\n\n<p>El panorama era distinto a medida que en el mapa se acercaba hacia el AMBA donde se radica el foco m\u00e1s peligroso e importante de la enfermedad.<\/p>\n\n\n\n<p>Hasta ese momento se pod\u00eda apreciar como los distritos de San Pedro, Baradero, Ramallo, Capit\u00e1n Sarmiento y Arrecifes formaban un grupo donde el coronavirus no hab\u00eda tenido circulaci\u00f3n comunitaria pese a tener casos aislados.<\/p>\n\n\n\n<p>Inclusive San Nicol\u00e1s y Pergamino que cuenta con una densa cantidad de habitantes y contacto casi directo con la ciudad de Rosario solo presentaban siete casos en la primera y uno en la segunda.<\/p>\n\n\n\n<p>Por su parte la situaciones de Z\u00e1rate era de s\u00f3lo 12 casos, Campana con 37 y San Antonio de Areco con 20.<\/p>\n\n\n\n<p>Exactamente un mes despu\u00e9s y tras cien d\u00edas de cuarentena la situaci\u00f3n es completamente diferente, demostrando que el virus se distribuye por todas las localidades al haber habilitado m\u00e1s comercios y por culpa de una mayor circulaci\u00f3n de personas.<\/p>\n\n\n\n<p>San Pedro es hoy la ciudad con mayor cantidad de infectados de la regi\u00f3n llegando a 52 positivos y solo 3 recuperados, afortunadamente sin v\u00edctimas fatales.<\/p>\n\n\n\n<p>Superando a nuestros vecinos lim\u00edtrofes Baradero que tiene 42, Ramallo con 3, Arrecifes lleva 3 y Capitan Sarmiento sum\u00f3 un total hasta hoy de 34.<\/p>\n\n\n\n<p>Por su parte otra ciudades que pertenecen al norte de Buenos Aires como por ejemplo Campana tiene 142, Z\u00e1rate 135, San Antonio de Areco 23, Pergamino 4 y San Nicol\u00e1s 14.<\/p>\n\n\n\n<p>Cabe aclarar que los n\u00fameros del mapa tiene una diferencia con los otorgados por la municipalidad por una diferencia en los criterios de recuperados que sera corregido el d\u00eda lunes.<\/p>\n\n\n\n<figure class=\"wp-block-image size-large\"><img decoding=\"async\" width=\"1600\" height=\"900\" data-attachment-id=\"76826\" data-permalink=\"https:\/\/eldiariodesanpedro.com.ar\/sitio\/tras-100-dias-de-cuarentena-san-pedro-es-la-ciudad-con-mayor-contagios-de-la-region\/2020-06-28-11\/\" data-orig-file=\"https:\/\/eldiariodesanpedro.com.ar\/sitio\/wp-content\/uploads\/2020\/06\/2020-06-28-11.png\" data-orig-size=\"1600,900\" data-comments-opened=\"1\" data-image-meta=\"{&quot;aperture&quot;:&quot;0&quot;,&quot;credit&quot;:&quot;&quot;,&quot;camera&quot;:&quot;&quot;,&quot;caption&quot;:&quot;&quot;,&quot;created_timestamp&quot;:&quot;0&quot;,&quot;copyright&quot;:&quot;&quot;,&quot;focal_length&quot;:&quot;0&quot;,&quot;iso&quot;:&quot;0&quot;,&quot;shutter_speed&quot;:&quot;0&quot;,&quot;title&quot;:&quot;&quot;,&quot;orientation&quot;:&quot;0&quot;}\" data-image-title=\"2020-06-28-11\" data-image-description=\"\" data-image-caption=\"\" data-large-file=\"https:\/\/eldiariodesanpedro.com.ar\/sitio\/wp-content\/uploads\/2020\/06\/2020-06-28-11-1024x576.png\" data-src=\"https:\/\/i0.wp.com\/eldiariodesanpedro.com.ar\/sitio\/wp-content\/uploads\/2020\/06\/2020-06-28-11.png?fit=640%2C360\" alt=\"\" class=\"wp-image-76826 lazyload\" data-srcset=\"https:\/\/eldiariodesanpedro.com.ar\/sitio\/wp-content\/uploads\/2020\/06\/2020-06-28-11.png 1600w, https:\/\/eldiariodesanpedro.com.ar\/sitio\/wp-content\/uploads\/2020\/06\/2020-06-28-11-300x169.png 300w, https:\/\/eldiariodesanpedro.com.ar\/sitio\/wp-content\/uploads\/2020\/06\/2020-06-28-11-1024x576.png 1024w, https:\/\/eldiariodesanpedro.com.ar\/sitio\/wp-content\/uploads\/2020\/06\/2020-06-28-11-768x432.png 768w, https:\/\/eldiariodesanpedro.com.ar\/sitio\/wp-content\/uploads\/2020\/06\/2020-06-28-11-1536x864.png 1536w, https:\/\/eldiariodesanpedro.com.ar\/sitio\/wp-content\/uploads\/2020\/06\/2020-06-28-11-800x450.png 800w\" data-sizes=\"(max-width: 1600px) 100vw, 1600px\" src=\"data:image\/svg+xml;base64,PHN2ZyB3aWR0aD0iMSIgaGVpZ2h0PSIxIiB4bWxucz0iaHR0cDovL3d3dy53My5vcmcvMjAwMC9zdmciPjwvc3ZnPg==\" style=\"--smush-placeholder-width: 1600px; --smush-placeholder-aspect-ratio: 1600\/900;\" \/><figcaption>San Pedro y localidades vecinas<\/figcaption><\/figure>\n\n\n\n<figure class=\"wp-block-image size-large\"><img decoding=\"async\" width=\"1024\" height=\"576\" data-attachment-id=\"76828\" data-permalink=\"https:\/\/eldiariodesanpedro.com.ar\/sitio\/tras-100-dias-de-cuarentena-san-pedro-es-la-ciudad-con-mayor-contagios-de-la-region\/2020-06-28-10\/\" data-orig-file=\"https:\/\/eldiariodesanpedro.com.ar\/sitio\/wp-content\/uploads\/2020\/06\/2020-06-28-10.png\" data-orig-size=\"1600,900\" data-comments-opened=\"1\" data-image-meta=\"{&quot;aperture&quot;:&quot;0&quot;,&quot;credit&quot;:&quot;&quot;,&quot;camera&quot;:&quot;&quot;,&quot;caption&quot;:&quot;&quot;,&quot;created_timestamp&quot;:&quot;0&quot;,&quot;copyright&quot;:&quot;&quot;,&quot;focal_length&quot;:&quot;0&quot;,&quot;iso&quot;:&quot;0&quot;,&quot;shutter_speed&quot;:&quot;0&quot;,&quot;title&quot;:&quot;&quot;,&quot;orientation&quot;:&quot;0&quot;}\" data-image-title=\"2020-06-28 (10)\" data-image-description=\"\" data-image-caption=\"\" data-large-file=\"https:\/\/eldiariodesanpedro.com.ar\/sitio\/wp-content\/uploads\/2020\/06\/2020-06-28-10-1024x576.png\" data-src=\"https:\/\/eldiariodesanpedro.com.ar\/sitio\/wp-content\/uploads\/2020\/06\/2020-06-28-10-1024x576.png\" alt=\"\" class=\"wp-image-76828 lazyload\" data-srcset=\"https:\/\/eldiariodesanpedro.com.ar\/sitio\/wp-content\/uploads\/2020\/06\/2020-06-28-10-1024x576.png 1024w, https:\/\/eldiariodesanpedro.com.ar\/sitio\/wp-content\/uploads\/2020\/06\/2020-06-28-10-300x169.png 300w, https:\/\/eldiariodesanpedro.com.ar\/sitio\/wp-content\/uploads\/2020\/06\/2020-06-28-10-768x432.png 768w, https:\/\/eldiariodesanpedro.com.ar\/sitio\/wp-content\/uploads\/2020\/06\/2020-06-28-10-1536x864.png 1536w, https:\/\/eldiariodesanpedro.com.ar\/sitio\/wp-content\/uploads\/2020\/06\/2020-06-28-10-800x450.png 800w, https:\/\/eldiariodesanpedro.com.ar\/sitio\/wp-content\/uploads\/2020\/06\/2020-06-28-10.png 1600w\" data-sizes=\"(max-width: 1024px) 100vw, 1024px\" src=\"data:image\/svg+xml;base64,PHN2ZyB3aWR0aD0iMSIgaGVpZ2h0PSIxIiB4bWxucz0iaHR0cDovL3d3dy53My5vcmcvMjAwMC9zdmciPjwvc3ZnPg==\" style=\"--smush-placeholder-width: 1024px; --smush-placeholder-aspect-ratio: 1024\/576;\" \/><figcaption>Regi\u00f3n norte de la provincia<\/figcaption><\/figure>\n\n\n\n<p>Fuente: <a href=\"https:\/\/qlik3.ms.gba.gov.ar\/sense\/app\/0a29a121-edef-4cd9-9ffd-fb5e298b5afd\/sheet\/c812ce2b-d071-4e1c-a7a2-3a63cf710b68\/state\/analysis\">Mapa de la Secretaria de Salud de la Provincia<\/a><\/p>\n","protected":false},"excerpt":{"rendered":"<p>Seg\u00fan informa el mapa de la Secretar\u00eda de Salud de la Provincia de Buenos Aires en nuestra regi\u00f3n norte San Pedro es la ciudad con mayor cantidad de casos, donde solo en un poco mas de una semana aparecieron 50 casos El primer informe que hizo el Diario de San Pedro sobre el estado del [&hellip;]<\/p>\n","protected":false},"author":4,"featured_media":76827,"comment_status":"open","ping_status":"closed","sticky":false,"template":"","format":"standard","meta":{"om_disable_all_campaigns":false,"_jetpack_memberships_contains_paid_content":false,"footnotes":""},"categories":[50,101,2],"tags":[686,833,33],"class_list":["post-76824","post","type-post","status-publish","format-standard","has-post-thumbnail","hentry","category-destacadas","category-interes-general-locales","category-locales","tag-campana-2","tag-covid","tag-locales"],"aioseo_notices":[],"gutentor_comment":0,"jetpack_featured_media_url":"https:\/\/eldiariodesanpedro.com.ar\/sitio\/wp-content\/uploads\/2020\/06\/2020-06-28-3.png","jetpack_shortlink":"https:\/\/wp.me\/p6RhLt-jZ6","jetpack_sharing_enabled":true,"_links":{"self":[{"href":"https:\/\/eldiariodesanpedro.com.ar\/sitio\/wp-json\/wp\/v2\/posts\/76824","targetHints":{"allow":["GET"]}}],"collection":[{"href":"https:\/\/eldiariodesanpedro.com.ar\/sitio\/wp-json\/wp\/v2\/posts"}],"about":[{"href":"https:\/\/eldiariodesanpedro.com.ar\/sitio\/wp-json\/wp\/v2\/types\/post"}],"author":[{"embeddable":true,"href":"https:\/\/eldiariodesanpedro.com.ar\/sitio\/wp-json\/wp\/v2\/users\/4"}],"replies":[{"embeddable":true,"href":"https:\/\/eldiariodesanpedro.com.ar\/sitio\/wp-json\/wp\/v2\/comments?post=76824"}],"version-history":[{"count":1,"href":"https:\/\/eldiariodesanpedro.com.ar\/sitio\/wp-json\/wp\/v2\/posts\/76824\/revisions"}],"predecessor-version":[{"id":76829,"href":"https:\/\/eldiariodesanpedro.com.ar\/sitio\/wp-json\/wp\/v2\/posts\/76824\/revisions\/76829"}],"wp:featuredmedia":[{"embeddable":true,"href":"https:\/\/eldiariodesanpedro.com.ar\/sitio\/wp-json\/wp\/v2\/media\/76827"}],"wp:attachment":[{"href":"https:\/\/eldiariodesanpedro.com.ar\/sitio\/wp-json\/wp\/v2\/media?parent=76824"}],"wp:term":[{"taxonomy":"category","embeddable":true,"href":"https:\/\/eldiariodesanpedro.com.ar\/sitio\/wp-json\/wp\/v2\/categories?post=76824"},{"taxonomy":"post_tag","embeddable":true,"href":"https:\/\/eldiariodesanpedro.com.ar\/sitio\/wp-json\/wp\/v2\/tags?post=76824"}],"curies":[{"name":"wp","href":"https:\/\/api.w.org\/{rel}","templated":true}]}}