{"id":76821,"date":"2020-06-28T17:46:26","date_gmt":"2020-06-28T20:46:26","guid":{"rendered":"https:\/\/eldiariodesanpedro.com.ar\/sitio\/?p=76821"},"modified":"2020-06-28T17:46:27","modified_gmt":"2020-06-28T20:46:27","slug":"identificaron-el-pasaje-osvaldo-morresi","status":"publish","type":"post","link":"https:\/\/eldiariodesanpedro.com.ar\/sitio\/identificaron-el-pasaje-osvaldo-morresi\/","title":{"rendered":"Identificaron el Pasaje \u00abOsvaldo Morresi\u00bb"},"content":{"rendered":"<!-- VideographyWP Plugin Message: Automatic video embedding prevented by plugin options. -->\n\n<p>El recordado piloto ya tiene su merecido reconocimiento en un punto estrat\u00e9gico de la ciudad. Hab\u00eda sido una propuesta del Autom\u00f3vil Club San Pedro y aprobado por el HCD.\u00a0<\/p>\n\n\n\n<p>Osvaldo \u00abPato\u00bb Morresi es junto a Lorenzo Garc\u00eda el \u00eddolo m\u00e1ximo que ha dado el deporte de la ciudad y si bien fue, es y ser\u00e1 recordado, desde hoy mismo ya cuenta con el pasaje que lleva su nombre.<\/p>\n\n\n\n<p>Hace un tiempo atr\u00e1s, los representantes del Autom\u00f3vil Club San Pedro, hab\u00eda solicitado al Honorable Concejo Deliberante, poder se\u00f1alar la calle interna de la plazoleta Fray Cayetano Rodr\u00edguez con el nombre de Osvaldo Morresi, propuesta que fue aprobada en forma un\u00e1nime y el municipio ahora hizo realidad.<\/p>\n\n\n\n<p>Si bien el pasado 31 de marzo de 2019&nbsp;ese sector ya hab\u00eda sido inaugurado con el nombre de Pasaje \u00abOsvaldo Morresi\u00bb, le faltaba la identificaci\u00f3n y este viernes culmin\u00f3 la colocaci\u00f3n de la placa que refrenda el merecido homenaje.&nbsp;<\/p>\n\n\n\n<p>\u00abEl Pato\u00bb, como se lo llamaba, falleci\u00f3 el 27 de marzo de 1994 luego de un accidente sufrido mientras disputaba el \u00abGran Premio de&nbsp;La Plata\u00bb&nbsp;del Turismo Carretera en el circuito semipermanente de esa localidad tras&nbsp;haber pisado un charco de aceite que hizo que su coche salga de la pista y se estrelle contra un talud.<\/p>\n\n\n\n<p>El piloto es siempre bien recordado por los fan\u00e1tico de la marca y e\u200bn su memoria se levant\u00f3 el\u00a0museo aleg\u00f3rico en nuestra localidad, all\u00ed se exhiben objetos usados durante su carrera deportiva, como sus trofeos y el \u00faltimo\u00a0auto\u00a0que us\u00f3, restaurado por amigos y seguidores.<\/p>\n\n\n\n<p>Fuente: <a href=\"https:\/\/www.sanpedroinforma.com.ar\/nota\/123424\/sociedad\/identificaron-el-pasaje-osvaldo-morresi.html\">San Pedro Informa<\/a><\/p>\n","protected":false},"excerpt":{"rendered":"<p>El recordado piloto ya tiene su merecido reconocimiento en un punto estrat\u00e9gico de la ciudad. Hab\u00eda sido una propuesta del Autom\u00f3vil Club San Pedro y aprobado por el HCD.\u00a0 Osvaldo \u00abPato\u00bb Morresi es junto a Lorenzo Garc\u00eda el \u00eddolo m\u00e1ximo que ha dado el deporte de la ciudad y si bien fue, es y ser\u00e1 [&hellip;]<\/p>\n","protected":false},"author":4,"featured_media":76822,"comment_status":"open","ping_status":"closed","sticky":false,"template":"","format":"standard","meta":{"om_disable_all_campaigns":false,"_jetpack_memberships_contains_paid_content":false,"footnotes":""},"categories":[101,2],"tags":[197,33,1631],"class_list":["post-76821","post","type-post","status-publish","format-standard","has-post-thumbnail","hentry","category-interes-general-locales","category-locales","tag-buenos-aires","tag-locales","tag-osvaldo-morresi"],"aioseo_notices":[],"gutentor_comment":0,"jetpack_featured_media_url":"https:\/\/eldiariodesanpedro.com.ar\/sitio\/wp-content\/uploads\/2020\/06\/000084994.jpg","jetpack_shortlink":"https:\/\/wp.me\/p6RhLt-jZ3","jetpack_sharing_enabled":true,"_links":{"self":[{"href":"https:\/\/eldiariodesanpedro.com.ar\/sitio\/wp-json\/wp\/v2\/posts\/76821","targetHints":{"allow":["GET"]}}],"collection":[{"href":"https:\/\/eldiariodesanpedro.com.ar\/sitio\/wp-json\/wp\/v2\/posts"}],"about":[{"href":"https:\/\/eldiariodesanpedro.com.ar\/sitio\/wp-json\/wp\/v2\/types\/post"}],"author":[{"embeddable":true,"href":"https:\/\/eldiariodesanpedro.com.ar\/sitio\/wp-json\/wp\/v2\/users\/4"}],"replies":[{"embeddable":true,"href":"https:\/\/eldiariodesanpedro.com.ar\/sitio\/wp-json\/wp\/v2\/comments?post=76821"}],"version-history":[{"count":1,"href":"https:\/\/eldiariodesanpedro.com.ar\/sitio\/wp-json\/wp\/v2\/posts\/76821\/revisions"}],"predecessor-version":[{"id":76823,"href":"https:\/\/eldiariodesanpedro.com.ar\/sitio\/wp-json\/wp\/v2\/posts\/76821\/revisions\/76823"}],"wp:featuredmedia":[{"embeddable":true,"href":"https:\/\/eldiariodesanpedro.com.ar\/sitio\/wp-json\/wp\/v2\/media\/76822"}],"wp:attachment":[{"href":"https:\/\/eldiariodesanpedro.com.ar\/sitio\/wp-json\/wp\/v2\/media?parent=76821"}],"wp:term":[{"taxonomy":"category","embeddable":true,"href":"https:\/\/eldiariodesanpedro.com.ar\/sitio\/wp-json\/wp\/v2\/categories?post=76821"},{"taxonomy":"post_tag","embeddable":true,"href":"https:\/\/eldiariodesanpedro.com.ar\/sitio\/wp-json\/wp\/v2\/tags?post=76821"}],"curies":[{"name":"wp","href":"https:\/\/api.w.org\/{rel}","templated":true}]}}