{"id":76812,"date":"2020-06-28T17:21:07","date_gmt":"2020-06-28T20:21:07","guid":{"rendered":"https:\/\/eldiariodesanpedro.com.ar\/sitio\/?p=76812"},"modified":"2020-06-28T17:25:25","modified_gmt":"2020-06-28T20:25:25","slug":"el-pastor-a-pesar-de-dar-positivo-seguia-violentando-el-aislamiento-y-fue-trasladado-al-ex-tiro-federal","status":"publish","type":"post","link":"https:\/\/eldiariodesanpedro.com.ar\/sitio\/el-pastor-a-pesar-de-dar-positivo-seguia-violentando-el-aislamiento-y-fue-trasladado-al-ex-tiro-federal\/","title":{"rendered":"El pastor a pesar de dar positivo segu\u00eda violentando el aislamiento y fue trasladado al ex Tiro Federal"},"content":{"rendered":"<!-- VideographyWP Plugin Message: Automatic video embedding prevented by plugin options. -->\n\n<p>La Secretar\u00eda de Salud de la Municipalidad de San Pedro informa que en el d\u00eda de hoy no se enviaron nuevas muestras y tampoco se registran resultados pendientes.<\/p>\n\n\n\n<p>Se recuerda que los casos confirmados son 52, con 48 activos y 4 recuperados.<\/p>\n\n\n\n<p>Adem\u00e1s se trabaja en el operativo de aislamiento de los contactos estrechos de los casos positivos, especialmente con los nexos del pastor evang\u00e9lico.<\/p>\n\n\n\n<p>En total, por relaci\u00f3n con las situaciones denunciadas y los casos positivos activos se han realizado m\u00faltiples controles que a\u00fan contin\u00faan y se mantienen aisladas aproximadamente 200 personas. Este dato se actualizar\u00e1 en las pr\u00f3ximas horas porque el personal se encuentra trabajando permanentemente<\/p>\n\n\n\n<p>Se han recibido llamadas y se han efectuado visitas y relevamientos, en todas las zonas en las que este hombre de 55 a\u00f1os ha mantenido contactos, violando la obligaci\u00f3n de aislamiento y generando una situaci\u00f3n de riesgo que ha movilizado a todas las \u00e1reas de la Municipalidad.<\/p>\n\n\n\n<p>La Secretar\u00eda de Seguridad ha tomado intervenci\u00f3n para evaluar las acciones que corresponden para el caso. El pastor fue trasladado al Complejo del Ex Tiro Federal para continuar su aislamiento con custodia policial.<\/p>\n\n\n\n<p>Para ma\u00f1ana se espera informaci\u00f3n desde la Jefatura de Gabinete del Gobierno de la Provincia de Buenos Aires sobre la nueva categorizaci\u00f3n de fases para cada uno de los distritos.<\/p>\n\n\n\n<p>A nivel local continuar\u00e1n los operativos de relevamiento en R\u00edo Tala y en la zona del Barrio San Francisco de Asis y zonas aleda\u00f1as al CIC.<\/p>\n\n\n\n<p>Adem\u00e1s se ha convocado a una reuni\u00f3n del Comit\u00e9 de Crisis Sanitario (creado por Decreto 308\/2020) para coordinar nuevas acciones conjuntas.<\/p>\n\n\n\n<p>Ante estas circunstancias y el evidente incremento en la circulaci\u00f3n del virus en San Pedro, se reitera el pedido de responsabilidad social a todos para mantenerse aislados y cumpliendo todas las medidas de prevenci\u00f3n recomendadas.<\/p>\n\n\n\n<p><\/p>\n","protected":false},"excerpt":{"rendered":"<p>La Secretar\u00eda de Salud de la Municipalidad de San Pedro informa que en el d\u00eda de hoy no se enviaron nuevas muestras y tampoco se registran resultados pendientes. Se recuerda que los casos confirmados son 52, con 48 activos y 4 recuperados. Adem\u00e1s se trabaja en el operativo de aislamiento de los contactos estrechos de [&hellip;]<\/p>\n","protected":false},"author":4,"featured_media":76813,"comment_status":"open","ping_status":"closed","sticky":false,"template":"","format":"standard","meta":{"om_disable_all_campaigns":false,"_jetpack_memberships_contains_paid_content":false,"footnotes":""},"categories":[50,101,2],"tags":[197,696,33],"class_list":["post-76812","post","type-post","status-publish","format-standard","has-post-thumbnail","hentry","category-destacadas","category-interes-general-locales","category-locales","tag-buenos-aires","tag-interes-general","tag-locales"],"aioseo_notices":[],"gutentor_comment":1,"jetpack_featured_media_url":"https:\/\/eldiariodesanpedro.com.ar\/sitio\/wp-content\/uploads\/2020\/06\/WhatsApp-Image-2020-06-28-at-17.09.42-1.jpeg","jetpack_shortlink":"https:\/\/wp.me\/p6RhLt-jYU","jetpack_sharing_enabled":true,"_links":{"self":[{"href":"https:\/\/eldiariodesanpedro.com.ar\/sitio\/wp-json\/wp\/v2\/posts\/76812","targetHints":{"allow":["GET"]}}],"collection":[{"href":"https:\/\/eldiariodesanpedro.com.ar\/sitio\/wp-json\/wp\/v2\/posts"}],"about":[{"href":"https:\/\/eldiariodesanpedro.com.ar\/sitio\/wp-json\/wp\/v2\/types\/post"}],"author":[{"embeddable":true,"href":"https:\/\/eldiariodesanpedro.com.ar\/sitio\/wp-json\/wp\/v2\/users\/4"}],"replies":[{"embeddable":true,"href":"https:\/\/eldiariodesanpedro.com.ar\/sitio\/wp-json\/wp\/v2\/comments?post=76812"}],"version-history":[{"count":1,"href":"https:\/\/eldiariodesanpedro.com.ar\/sitio\/wp-json\/wp\/v2\/posts\/76812\/revisions"}],"predecessor-version":[{"id":76819,"href":"https:\/\/eldiariodesanpedro.com.ar\/sitio\/wp-json\/wp\/v2\/posts\/76812\/revisions\/76819"}],"wp:featuredmedia":[{"embeddable":true,"href":"https:\/\/eldiariodesanpedro.com.ar\/sitio\/wp-json\/wp\/v2\/media\/76813"}],"wp:attachment":[{"href":"https:\/\/eldiariodesanpedro.com.ar\/sitio\/wp-json\/wp\/v2\/media?parent=76812"}],"wp:term":[{"taxonomy":"category","embeddable":true,"href":"https:\/\/eldiariodesanpedro.com.ar\/sitio\/wp-json\/wp\/v2\/categories?post=76812"},{"taxonomy":"post_tag","embeddable":true,"href":"https:\/\/eldiariodesanpedro.com.ar\/sitio\/wp-json\/wp\/v2\/tags?post=76812"}],"curies":[{"name":"wp","href":"https:\/\/api.w.org\/{rel}","templated":true}]}}