{"id":76801,"date":"2020-06-28T12:53:08","date_gmt":"2020-06-28T15:53:08","guid":{"rendered":"https:\/\/eldiariodesanpedro.com.ar\/sitio\/?p=76801"},"modified":"2020-06-28T13:11:01","modified_gmt":"2020-06-28T16:11:01","slug":"descontrol-del-virus-en-san-pedro","status":"publish","type":"post","link":"https:\/\/eldiariodesanpedro.com.ar\/sitio\/descontrol-del-virus-en-san-pedro\/","title":{"rendered":"\u00bfDescontrol del virus en San Pedro?"},"content":{"rendered":"<!-- VideographyWP Plugin Message: Automatic video embedding prevented by plugin options. -->\n\n<p>En la noche de este s\u00e1bado se recibieron los resultados de las 25 muestras enviadas al Instituto Maiztegui, donde cinco de las mismas dieron resultados positivos. Desde la Secretar\u00eda de Salud de nuestra ciudad se encuentran con una extrema preocupaci\u00f3n teniendo en cuenta que una de las muestras que result\u00f3 positivo es un pastor que podr\u00eda haber estado circulando por diferente lugares de la ciudad desconociendo ser portador del virus.<\/p>\n\n\n\n<p>En la jornada del s\u00e1bado se recibieron las muestras donde resultaron positivos cinco nuevos casos correspondientes a cuatro hombres de 23, 29, 55 y 75 a\u00f1os y una mujer de 38 a\u00f1os.<\/p>\n\n\n\n<p>La preocupaci\u00f3n del Doctor Guillermo Sancho y su equipo de trabajo radica principalmente en dos casos de los cu\u00e1les no se conoce el nexo epidemiol\u00f3gico, y en particular uno que se tratar\u00eda de un pastor de una iglesia evang\u00e9lica que se encuentra ubicada en calle Manuel Iglesias y D\u00e1vila<\/p>\n\n\n\n<p>Seg\u00fan nos informaron la preocupaci\u00f3n es mayor porque esta persona pudo haber estado en contacto con muchos de sus fieles y adem\u00e1s con personas de los barrios 291 y 150 viviendas.<\/p>\n\n\n\n<p>Seg\u00fan testigos, esta persona podr\u00eda haber estado tomando mate con los vecinos. Por esta raz\u00f3n, desde la Secretar\u00eda de Salud se solicita a la ciudadan\u00eda que cualquier persona que haya estado en contacto con este hombre se ponga en contacto al 107 para as\u00ed evitar la propagaci\u00f3n a\u00fan m\u00e1s del virus en esos barrios y en el resto de la ciudad.<\/p>\n\n\n\n<p>Otros testimonios aseguran que a pesar de la prohibici\u00f3n de reuniones y todo tipo de eventos, este pastor realizo varias congregaciones y m\u00ednimo podr\u00eda haber 30 personas que estuvieron en contacto estrecho, todo esto negado por el afectado de coronavirus.<\/p>\n\n\n\n<p>Tengamos en cuenta que es de p\u00fablico conocimiento que en los barrios perif\u00e9ricos de la ciudad como los dos nombrados, la cuarentena casi no existi\u00f3 a pesar de los controles realizados por polic\u00eda e inspecci\u00f3n municipal.<\/p>\n\n\n\n<p>Los vecinos fueron irresponsables y no tomaron las medidas necesarias por lo que este caso podr\u00eda a llegar a resultar catastr\u00f3fico para nuestra ciudad.<\/p>\n\n\n\n<p>Adem\u00e1s del grave problema de poner en riesgo la fase actual en la que se encuentra nuestra ciudad, alertando a las autoridades sanitarias provinciales para realizar el cierre de comercios y volviendo a generar un estancamiento econ\u00f3mico.<\/p>\n\n\n\n<figure class=\"wp-block-image size-large\"><img decoding=\"async\" width=\"1024\" height=\"682\" data-attachment-id=\"76802\" data-permalink=\"https:\/\/eldiariodesanpedro.com.ar\/sitio\/descontrol-del-virus-en-san-pedro\/whatsapp-image-2020-06-28-at-12-50-59-1\/\" data-orig-file=\"https:\/\/eldiariodesanpedro.com.ar\/sitio\/wp-content\/uploads\/2020\/06\/WhatsApp-Image-2020-06-28-at-12.50.59-1.jpeg\" data-orig-size=\"1280,853\" data-comments-opened=\"1\" data-image-meta=\"{&quot;aperture&quot;:&quot;0&quot;,&quot;credit&quot;:&quot;&quot;,&quot;camera&quot;:&quot;&quot;,&quot;caption&quot;:&quot;&quot;,&quot;created_timestamp&quot;:&quot;0&quot;,&quot;copyright&quot;:&quot;&quot;,&quot;focal_length&quot;:&quot;0&quot;,&quot;iso&quot;:&quot;0&quot;,&quot;shutter_speed&quot;:&quot;0&quot;,&quot;title&quot;:&quot;&quot;,&quot;orientation&quot;:&quot;0&quot;}\" data-image-title=\"WhatsApp Image 2020-06-28 at 12.50.59 (1)\" data-image-description=\"\" data-image-caption=\"\" data-large-file=\"https:\/\/eldiariodesanpedro.com.ar\/sitio\/wp-content\/uploads\/2020\/06\/WhatsApp-Image-2020-06-28-at-12.50.59-1-1024x682.jpeg\" data-src=\"https:\/\/eldiariodesanpedro.com.ar\/sitio\/wp-content\/uploads\/2020\/06\/WhatsApp-Image-2020-06-28-at-12.50.59-1-1024x682.jpeg\" alt=\"\" class=\"wp-image-76802 lazyload\" data-srcset=\"https:\/\/eldiariodesanpedro.com.ar\/sitio\/wp-content\/uploads\/2020\/06\/WhatsApp-Image-2020-06-28-at-12.50.59-1-1024x682.jpeg 1024w, https:\/\/eldiariodesanpedro.com.ar\/sitio\/wp-content\/uploads\/2020\/06\/WhatsApp-Image-2020-06-28-at-12.50.59-1-300x200.jpeg 300w, https:\/\/eldiariodesanpedro.com.ar\/sitio\/wp-content\/uploads\/2020\/06\/WhatsApp-Image-2020-06-28-at-12.50.59-1-768x512.jpeg 768w, https:\/\/eldiariodesanpedro.com.ar\/sitio\/wp-content\/uploads\/2020\/06\/WhatsApp-Image-2020-06-28-at-12.50.59-1.jpeg 1280w\" data-sizes=\"(max-width: 1024px) 100vw, 1024px\" src=\"data:image\/svg+xml;base64,PHN2ZyB3aWR0aD0iMSIgaGVpZ2h0PSIxIiB4bWxucz0iaHR0cDovL3d3dy53My5vcmcvMjAwMC9zdmciPjwvc3ZnPg==\" style=\"--smush-placeholder-width: 1024px; --smush-placeholder-aspect-ratio: 1024\/682;\" \/><\/figure>\n","protected":false},"excerpt":{"rendered":"<p>En la noche de este s\u00e1bado se recibieron los resultados de las 25 muestras enviadas al Instituto Maiztegui, donde cinco de las mismas dieron resultados positivos. Desde la Secretar\u00eda de Salud de nuestra ciudad se encuentran con una extrema preocupaci\u00f3n teniendo en cuenta que una de las muestras que result\u00f3 positivo es un pastor que [&hellip;]<\/p>\n","protected":false},"author":4,"featured_media":76803,"comment_status":"open","ping_status":"closed","sticky":false,"template":"","format":"standard","meta":{"om_disable_all_campaigns":false,"_jetpack_memberships_contains_paid_content":false,"footnotes":""},"categories":[50,101,2],"tags":[197],"class_list":["post-76801","post","type-post","status-publish","format-standard","has-post-thumbnail","hentry","category-destacadas","category-interes-general-locales","category-locales","tag-buenos-aires"],"aioseo_notices":[],"gutentor_comment":4,"jetpack_featured_media_url":"https:\/\/eldiariodesanpedro.com.ar\/sitio\/wp-content\/uploads\/2020\/06\/WhatsApp-Image-2020-06-28-at-12.50.59.jpeg","jetpack_shortlink":"https:\/\/wp.me\/p6RhLt-jYJ","jetpack_sharing_enabled":true,"_links":{"self":[{"href":"https:\/\/eldiariodesanpedro.com.ar\/sitio\/wp-json\/wp\/v2\/posts\/76801","targetHints":{"allow":["GET"]}}],"collection":[{"href":"https:\/\/eldiariodesanpedro.com.ar\/sitio\/wp-json\/wp\/v2\/posts"}],"about":[{"href":"https:\/\/eldiariodesanpedro.com.ar\/sitio\/wp-json\/wp\/v2\/types\/post"}],"author":[{"embeddable":true,"href":"https:\/\/eldiariodesanpedro.com.ar\/sitio\/wp-json\/wp\/v2\/users\/4"}],"replies":[{"embeddable":true,"href":"https:\/\/eldiariodesanpedro.com.ar\/sitio\/wp-json\/wp\/v2\/comments?post=76801"}],"version-history":[{"count":6,"href":"https:\/\/eldiariodesanpedro.com.ar\/sitio\/wp-json\/wp\/v2\/posts\/76801\/revisions"}],"predecessor-version":[{"id":76811,"href":"https:\/\/eldiariodesanpedro.com.ar\/sitio\/wp-json\/wp\/v2\/posts\/76801\/revisions\/76811"}],"wp:featuredmedia":[{"embeddable":true,"href":"https:\/\/eldiariodesanpedro.com.ar\/sitio\/wp-json\/wp\/v2\/media\/76803"}],"wp:attachment":[{"href":"https:\/\/eldiariodesanpedro.com.ar\/sitio\/wp-json\/wp\/v2\/media?parent=76801"}],"wp:term":[{"taxonomy":"category","embeddable":true,"href":"https:\/\/eldiariodesanpedro.com.ar\/sitio\/wp-json\/wp\/v2\/categories?post=76801"},{"taxonomy":"post_tag","embeddable":true,"href":"https:\/\/eldiariodesanpedro.com.ar\/sitio\/wp-json\/wp\/v2\/tags?post=76801"}],"curies":[{"name":"wp","href":"https:\/\/api.w.org\/{rel}","templated":true}]}}