{"id":76799,"date":"2020-06-28T12:22:58","date_gmt":"2020-06-28T15:22:58","guid":{"rendered":"https:\/\/eldiariodesanpedro.com.ar\/sitio\/?p=76799"},"modified":"2020-06-28T12:23:02","modified_gmt":"2020-06-28T15:23:02","slug":"sieguen-las-violaciones-a-la-cuarentena-y-gente-que-circula-sin-motivos","status":"publish","type":"post","link":"https:\/\/eldiariodesanpedro.com.ar\/sitio\/sieguen-las-violaciones-a-la-cuarentena-y-gente-que-circula-sin-motivos\/","title":{"rendered":"Sieguen las violaciones a la cuarentena y gente que circula sin motivos"},"content":{"rendered":"<!-- VideographyWP Plugin Message: Automatic video embedding prevented by plugin options. -->\n\n<p>Teniendo en cuenta los acontecimientos de un mayor n\u00fameros de casos de coronavirus en nuestra ciudad la polic\u00eda de la comisar\u00eda local y de los respectivos destacamentos se encuentran endureciendo los controles de personas deambulando en la ciudad.<\/p>\n\n\n\n<p>En el transcurso del d\u00eda s\u00e1bado, el personal de esta identific\u00f3 a nueve 9 personas, quienes deambulan sin justificativo. Acompa\u00f1adas todas a sus respectivos domicilios<\/p>\n\n\n\n<p>En la localidad de R\u00edo Tala tambi\u00e9n el personal del destacamento identific\u00f3 a nueve personas, quienes deambulan sin justificativo. siendo acompa\u00f1adas todas a sus respectivos domicilios.&nbsp;<\/p>\n\n\n\n<p>Recordemos que a cada persona que se lo encuentra violentando el art\u00edculo 205&nbsp; del ASPO se le comienza una causa muy grave en el Juzgado Federal N\u00ba de 2 San Nicol\u00e1s que tras la pandemia tendr\u00e1n que llevar a delante.<\/p>\n","protected":false},"excerpt":{"rendered":"<p>Teniendo en cuenta los acontecimientos de un mayor n\u00fameros de casos de coronavirus en nuestra ciudad la polic\u00eda de la comisar\u00eda local y de los respectivos destacamentos se encuentran endureciendo los controles de personas deambulando en la ciudad. En el transcurso del d\u00eda s\u00e1bado, el personal de esta identific\u00f3 a nueve 9 personas, quienes deambulan [&hellip;]<\/p>\n","protected":false},"author":4,"featured_media":73875,"comment_status":"open","ping_status":"closed","sticky":false,"template":"","format":"standard","meta":{"om_disable_all_campaigns":false,"_jetpack_memberships_contains_paid_content":false,"footnotes":""},"categories":[2,103],"tags":[33,19],"class_list":["post-76799","post","type-post","status-publish","format-standard","has-post-thumbnail","hentry","category-locales","category-policiales-locales","tag-locales","tag-san-pedro"],"aioseo_notices":[],"gutentor_comment":0,"jetpack_featured_media_url":"https:\/\/eldiariodesanpedro.com.ar\/sitio\/wp-content\/uploads\/2020\/05\/WhatsApp-Image-2020-05-17-at-18.09.52.jpeg","jetpack_shortlink":"https:\/\/wp.me\/p6RhLt-jYH","jetpack_sharing_enabled":true,"_links":{"self":[{"href":"https:\/\/eldiariodesanpedro.com.ar\/sitio\/wp-json\/wp\/v2\/posts\/76799","targetHints":{"allow":["GET"]}}],"collection":[{"href":"https:\/\/eldiariodesanpedro.com.ar\/sitio\/wp-json\/wp\/v2\/posts"}],"about":[{"href":"https:\/\/eldiariodesanpedro.com.ar\/sitio\/wp-json\/wp\/v2\/types\/post"}],"author":[{"embeddable":true,"href":"https:\/\/eldiariodesanpedro.com.ar\/sitio\/wp-json\/wp\/v2\/users\/4"}],"replies":[{"embeddable":true,"href":"https:\/\/eldiariodesanpedro.com.ar\/sitio\/wp-json\/wp\/v2\/comments?post=76799"}],"version-history":[{"count":1,"href":"https:\/\/eldiariodesanpedro.com.ar\/sitio\/wp-json\/wp\/v2\/posts\/76799\/revisions"}],"predecessor-version":[{"id":76800,"href":"https:\/\/eldiariodesanpedro.com.ar\/sitio\/wp-json\/wp\/v2\/posts\/76799\/revisions\/76800"}],"wp:featuredmedia":[{"embeddable":true,"href":"https:\/\/eldiariodesanpedro.com.ar\/sitio\/wp-json\/wp\/v2\/media\/73875"}],"wp:attachment":[{"href":"https:\/\/eldiariodesanpedro.com.ar\/sitio\/wp-json\/wp\/v2\/media?parent=76799"}],"wp:term":[{"taxonomy":"category","embeddable":true,"href":"https:\/\/eldiariodesanpedro.com.ar\/sitio\/wp-json\/wp\/v2\/categories?post=76799"},{"taxonomy":"post_tag","embeddable":true,"href":"https:\/\/eldiariodesanpedro.com.ar\/sitio\/wp-json\/wp\/v2\/tags?post=76799"}],"curies":[{"name":"wp","href":"https:\/\/api.w.org\/{rel}","templated":true}]}}