{"id":76797,"date":"2020-06-28T12:18:56","date_gmt":"2020-06-28T15:18:56","guid":{"rendered":"https:\/\/eldiariodesanpedro.com.ar\/sitio\/?p=76797"},"modified":"2020-06-28T12:18:59","modified_gmt":"2020-06-28T15:18:59","slug":"una-joven-herida-en-accidente","status":"publish","type":"post","link":"https:\/\/eldiariodesanpedro.com.ar\/sitio\/una-joven-herida-en-accidente\/","title":{"rendered":"Una joven herida en accidente"},"content":{"rendered":"<!-- VideographyWP Plugin Message: Automatic video embedding prevented by plugin options. -->\n\n<p>En la tarde de este s\u00e1bado ocurri\u00f3 un accidente de tr\u00e1nsito donde una joven fue trasladada al nosocomio local.<\/p>\n\n\n\n<p>Por motivos que se tratan de establecer en Nieto de Torres y Miguel Porta colisiona motocicleta Gilera Smash 110 cc guiada por una joven de 25 a\u00f1os contra camioneta Toyota Hilux, conducida por masculino 27 a\u00f1os.<\/p>\n\n\n\n<p>La conductora del rodado menor fue trasladada al nosocomio local por la ambulancia del SAME, donde se determina lesiones leves, siendo dada de alta.<\/p>\n","protected":false},"excerpt":{"rendered":"<p>En la tarde de este s\u00e1bado ocurri\u00f3 un accidente de tr\u00e1nsito donde una joven fue trasladada al nosocomio local. Por motivos que se tratan de establecer en Nieto de Torres y Miguel Porta colisiona motocicleta Gilera Smash 110 cc guiada por una joven de 25 a\u00f1os contra camioneta Toyota Hilux, conducida por masculino 27 a\u00f1os. [&hellip;]<\/p>\n","protected":false},"author":4,"featured_media":74389,"comment_status":"open","ping_status":"closed","sticky":false,"template":"","format":"standard","meta":{"om_disable_all_campaigns":false,"_jetpack_memberships_contains_paid_content":false,"footnotes":""},"categories":[2,103],"tags":[197,33],"class_list":["post-76797","post","type-post","status-publish","format-standard","has-post-thumbnail","hentry","category-locales","category-policiales-locales","tag-buenos-aires","tag-locales"],"aioseo_notices":[],"gutentor_comment":0,"jetpack_featured_media_url":"https:\/\/eldiariodesanpedro.com.ar\/sitio\/wp-content\/uploads\/2020\/05\/no_y0pdn5rvbk0b9pfambulancia.jpg","jetpack_shortlink":"https:\/\/wp.me\/p6RhLt-jYF","jetpack_sharing_enabled":true,"_links":{"self":[{"href":"https:\/\/eldiariodesanpedro.com.ar\/sitio\/wp-json\/wp\/v2\/posts\/76797","targetHints":{"allow":["GET"]}}],"collection":[{"href":"https:\/\/eldiariodesanpedro.com.ar\/sitio\/wp-json\/wp\/v2\/posts"}],"about":[{"href":"https:\/\/eldiariodesanpedro.com.ar\/sitio\/wp-json\/wp\/v2\/types\/post"}],"author":[{"embeddable":true,"href":"https:\/\/eldiariodesanpedro.com.ar\/sitio\/wp-json\/wp\/v2\/users\/4"}],"replies":[{"embeddable":true,"href":"https:\/\/eldiariodesanpedro.com.ar\/sitio\/wp-json\/wp\/v2\/comments?post=76797"}],"version-history":[{"count":1,"href":"https:\/\/eldiariodesanpedro.com.ar\/sitio\/wp-json\/wp\/v2\/posts\/76797\/revisions"}],"predecessor-version":[{"id":76798,"href":"https:\/\/eldiariodesanpedro.com.ar\/sitio\/wp-json\/wp\/v2\/posts\/76797\/revisions\/76798"}],"wp:featuredmedia":[{"embeddable":true,"href":"https:\/\/eldiariodesanpedro.com.ar\/sitio\/wp-json\/wp\/v2\/media\/74389"}],"wp:attachment":[{"href":"https:\/\/eldiariodesanpedro.com.ar\/sitio\/wp-json\/wp\/v2\/media?parent=76797"}],"wp:term":[{"taxonomy":"category","embeddable":true,"href":"https:\/\/eldiariodesanpedro.com.ar\/sitio\/wp-json\/wp\/v2\/categories?post=76797"},{"taxonomy":"post_tag","embeddable":true,"href":"https:\/\/eldiariodesanpedro.com.ar\/sitio\/wp-json\/wp\/v2\/tags?post=76797"}],"curies":[{"name":"wp","href":"https:\/\/api.w.org\/{rel}","templated":true}]}}