{"id":76730,"date":"2020-06-27T10:41:24","date_gmt":"2020-06-27T13:41:24","guid":{"rendered":"https:\/\/eldiariodesanpedro.com.ar\/sitio\/?p=76730"},"modified":"2020-06-27T10:41:27","modified_gmt":"2020-06-27T13:41:27","slug":"arrecifes-el-lunes-podrian-habilitarse-otras-actividades","status":"publish","type":"post","link":"https:\/\/eldiariodesanpedro.com.ar\/sitio\/arrecifes-el-lunes-podrian-habilitarse-otras-actividades\/","title":{"rendered":"ARRECIFES  | El lunes podr\u00edan habilitarse otras actividades"},"content":{"rendered":"<!-- VideographyWP Plugin Message: Automatic video embedding prevented by plugin options. -->\n\n<p>De mantenerse Arrecifes sin nuevos casos de Covid-19 hasta la medianoche del s\u00e1bado, el domingo se cumplir\u00e1n los 21 d\u00edas sin contagios que permiten ingresar en Fase 5 de la cuarentena.<\/p>\n\n\n\n<p>Desde all\u00ed, nuestra ciudad podr\u00e1 habilitar actividades autorizadas en esa fase, como por ejemplo bares y restaurantes, deportes al aire libre y actividades religiosas.<\/p>\n\n\n\n<p>En Radio Uno (107.1), el responsable operativo del Comit\u00e9 de Crisis de Arrecifes, Jos\u00e9 Mar\u00eda Tenorio, sostuvo que est\u00e1n trabajando para poder implementar estas nuevas aperturas ni bien se cumplan esos 21 d\u00edas.<\/p>\n\n\n\n<p>\u201cHemos estado reuni\u00e9ndonos con los distintos sectores y elaborando los protocolos para esas actividades, dejando bien en claro que seguimos priorizando la salud, ya que ese cuidado nos permiti\u00f3 llegar hasta ac\u00e1.<br>Cuando cumplamos los 21 d\u00edas publicaremos por los medios oficiales qu\u00e9 nuevas actividades estar\u00e1n habilitadas. Por eso este fin de semana no cambiar\u00e1 nada; seguramente ser\u00e1 a partir del lunes. Tampoco queremos esperar a que la Provincia cumpla con los tr\u00e1mites burocr\u00e1ticos de cambiarnos de fase porque entendemos a la gente que est\u00e1 hace 100 d\u00edas sin actividad y nuestra intenci\u00f3n es arrancar ni bien estemos t\u00e9cnicamente cumpliendo con el decreto de 21 d\u00edas sin contagios\u201d, manifest\u00f3 el Dr. Tenorio.<\/p>\n\n\n\n<p>\u201cCuando digo que la pol\u00edtica de priorizar la salud es lo que nos llev\u00f3 hasta ac\u00e1, no me refiero exclusivamente a la decisi\u00f3n del Intendente ni del trabajo que vinimos haciendo quienes tenemos la responsabilidad de establecer las normas. Fundamentalmente esto se logra gracias al esfuerzo y a la conciencia de la sociedad arrecife\u00f1a en general. Los vecinos y los comerciantes han demostrado ser responsables y han cumplido con las distintas medidas de prevenci\u00f3n exigidas. Y ahora llega m\u00e1s que nunca la responsabilidad social. Es eso lo que seguimos pidiendo, porque cuantas m\u00e1s actividades se permitan menor va a poder ser el control que ejerzamos desde el Estado municipal. Es imposible f\u00edsicamente estar en todos lados. Cada uno deber\u00e1 ser responsable de cumplir los protocolos para que no aparezca un nuevo contagio y tener que volver todo atr\u00e1s\u201d, destac\u00f3 el funcionario y llam\u00f3 a la reflexi\u00f3n de todos.<\/p>\n\n\n\n<p>Respecto de los cambios en los horarios de actividad comercial que requieren algunos rubros, Tenorio agreg\u00f3 que \u201chay situaciones que son especiales, como las de los bares y restaurantes. Tratamos de llegar a un consenso. Pero, reitero, siempre priorizando el cuidado de la salud\u201d.<\/p>\n\n\n\n<p>Fuente: <a href=\"https:\/\/arrecifesnoticias.com\/sociedad\/el-lunes-podrian-habilitarse-otras-actividades-en-arrecifes\/\">Arrecifes Noticias<\/a><\/p>\n","protected":false},"excerpt":{"rendered":"<p>De mantenerse Arrecifes sin nuevos casos de Covid-19 hasta la medianoche del s\u00e1bado, el domingo se cumplir\u00e1n los 21 d\u00edas sin contagios que permiten ingresar en Fase 5 de la cuarentena. Desde all\u00ed, nuestra ciudad podr\u00e1 habilitar actividades autorizadas en esa fase, como por ejemplo bares y restaurantes, deportes al aire libre y actividades religiosas. [&hellip;]<\/p>\n","protected":false},"author":4,"featured_media":76731,"comment_status":"open","ping_status":"closed","sticky":false,"template":"","format":"standard","meta":{"om_disable_all_campaigns":false,"_jetpack_memberships_contains_paid_content":false,"footnotes":""},"categories":[621],"tags":[197,808,681],"class_list":["post-76730","post","type-post","status-publish","format-standard","has-post-thumbnail","hentry","category-regionales","tag-buenos-aires","tag-coronavirus","tag-regionales"],"aioseo_notices":[],"gutentor_comment":0,"jetpack_featured_media_url":"https:\/\/eldiariodesanpedro.com.ar\/sitio\/wp-content\/uploads\/2020\/06\/Calle-vacia-Ricardo-Gutierrez-760x510-1.jpg","jetpack_shortlink":"https:\/\/wp.me\/p6RhLt-jXA","jetpack_sharing_enabled":true,"_links":{"self":[{"href":"https:\/\/eldiariodesanpedro.com.ar\/sitio\/wp-json\/wp\/v2\/posts\/76730","targetHints":{"allow":["GET"]}}],"collection":[{"href":"https:\/\/eldiariodesanpedro.com.ar\/sitio\/wp-json\/wp\/v2\/posts"}],"about":[{"href":"https:\/\/eldiariodesanpedro.com.ar\/sitio\/wp-json\/wp\/v2\/types\/post"}],"author":[{"embeddable":true,"href":"https:\/\/eldiariodesanpedro.com.ar\/sitio\/wp-json\/wp\/v2\/users\/4"}],"replies":[{"embeddable":true,"href":"https:\/\/eldiariodesanpedro.com.ar\/sitio\/wp-json\/wp\/v2\/comments?post=76730"}],"version-history":[{"count":1,"href":"https:\/\/eldiariodesanpedro.com.ar\/sitio\/wp-json\/wp\/v2\/posts\/76730\/revisions"}],"predecessor-version":[{"id":76732,"href":"https:\/\/eldiariodesanpedro.com.ar\/sitio\/wp-json\/wp\/v2\/posts\/76730\/revisions\/76732"}],"wp:featuredmedia":[{"embeddable":true,"href":"https:\/\/eldiariodesanpedro.com.ar\/sitio\/wp-json\/wp\/v2\/media\/76731"}],"wp:attachment":[{"href":"https:\/\/eldiariodesanpedro.com.ar\/sitio\/wp-json\/wp\/v2\/media?parent=76730"}],"wp:term":[{"taxonomy":"category","embeddable":true,"href":"https:\/\/eldiariodesanpedro.com.ar\/sitio\/wp-json\/wp\/v2\/categories?post=76730"},{"taxonomy":"post_tag","embeddable":true,"href":"https:\/\/eldiariodesanpedro.com.ar\/sitio\/wp-json\/wp\/v2\/tags?post=76730"}],"curies":[{"name":"wp","href":"https:\/\/api.w.org\/{rel}","templated":true}]}}