{"id":76707,"date":"2020-06-26T22:09:45","date_gmt":"2020-06-27T01:09:45","guid":{"rendered":"https:\/\/eldiariodesanpedro.com.ar\/sitio\/?p=76707"},"modified":"2020-06-26T22:31:44","modified_gmt":"2020-06-27T01:31:44","slug":"se-recibieron-las-muestras-con-ocho-casos-positivos","status":"publish","type":"post","link":"https:\/\/eldiariodesanpedro.com.ar\/sitio\/se-recibieron-las-muestras-con-ocho-casos-positivos\/","title":{"rendered":"Se recibieron las muestras con ocho casos positivos"},"content":{"rendered":"<!-- VideographyWP Plugin Message: Automatic video embedding prevented by plugin options. -->\n\n<p>En la jornada de hoy se recibieron las 19 muestras que fueron enviadas hace dos d\u00edas, y de las cuales dieron como positivo 8 y las negativas 11, de los cuales 2 de los positivos serian nuevos nexos epidemiologicos.<\/p>\n\n\n\n<p>En conferencia de prensa este viernes se volvieron a confirmar nuevos casos positivos que corresponde a cinco contacto estrechos del prefecto en la localidad de R\u00edo Tala, un contacto estrecho con la empleada de la empresa Coto y dos nuevos nexos que corresponde a un transportista y a un hombre que viajo a la zona de AMBA por cuestiones personales.<\/p>\n\n\n\n<p>Se tratar\u00edan de cuatro mujeres dos de 28, 29 y  33, a\u00f1os, los restantes hombres de 15, 29, 33 y 39 a\u00f1os.<\/p>\n\n\n\n<p>Hasta el momento son 47 los casos confirmados en nuestra ciudad de los cuales 3 ya se encuentran dados de alta, el resto continua aislados al igual que sus contactos estrechos.<\/p>\n\n\n\n<p>De los nuevos nexos se aislaron preventivamente a sus contactos estrechos que serian solamente hasta el momento sus familiares.<\/p>\n\n\n\n<p>Los que comentaron con un gran \u00e9nfasis por parte de Silvio Corti y el Dr. Guillermo Sancho es nuevamente la falta de cumplimiento por parte de los ciudadanos de la ciudad.<\/p>\n\n\n\n<p>Agregaron que gracias al programa \u00abdetectar\u00bb que se llevaron a cabo el d\u00eda de ayer y de hoy en la localidad de R\u00edo Tala y Villa Lolita se pudo determinar nuevos nexos de personas que estuvieron con casos positivos, que hasta el momento no hab\u00edan sido detectadas, de las que se enviaron nuevos hisopados en el d\u00eda de  doy.<\/p>\n\n\n\n<p>Ademas detectaron que personas que deber\u00edan estar en aislamiento preventivo por haber estado en contacto con los positivos, estuvieron deambulando en casas de otras personas inclusive compartiendo mates.<\/p>\n\n\n\n<p> En la noche de hoy y ma\u00f1ana se reunir\u00e1n los funcionarios para tomar medidas con respecto a estos barrios donde se concentra el foco de infecci\u00f3n y a pesar de los pedidos de responsabilidad por parte de los ciudadanos, no hubo respeto alguno.<\/p>\n\n\n\n<figure class=\"wp-block-embed-facebook wp-block-embed is-type-video is-provider-facebook\"><div class=\"wp-block-embed__wrapper\">\n<div class=\"fb-video\" data-allowfullscreen=\"true\" data-href=\"https:\/\/www.facebook.com\/eldiario.desanpedro\/videos\/577555326279146\/\" style=\"background-color: #fff; display: inline-block;\"><\/div>\n<\/div><\/figure>\n","protected":false},"excerpt":{"rendered":"<p>En la jornada de hoy se recibieron las 19 muestras que fueron enviadas hace dos d\u00edas, y de las cuales dieron como positivo 8 y las negativas 11, de los cuales 2 de los positivos serian nuevos nexos epidemiologicos. En conferencia de prensa este viernes se volvieron a confirmar nuevos casos positivos que corresponde a [&hellip;]<\/p>\n","protected":false},"author":4,"featured_media":76687,"comment_status":"open","ping_status":"closed","sticky":false,"template":"","format":"standard","meta":{"om_disable_all_campaigns":false,"_jetpack_memberships_contains_paid_content":false,"footnotes":""},"categories":[50,101,2],"tags":[808,1250,681,19],"class_list":["post-76707","post","type-post","status-publish","format-standard","has-post-thumbnail","hentry","category-destacadas","category-interes-general-locales","category-locales","tag-coronavirus","tag-positivos","tag-regionales","tag-san-pedro"],"aioseo_notices":[],"gutentor_comment":0,"jetpack_featured_media_url":"https:\/\/eldiariodesanpedro.com.ar\/sitio\/wp-content\/uploads\/2020\/06\/no_93m3mtzxue736qhno_5mao83sn8hiz27acovid.jpg","jetpack_shortlink":"https:\/\/wp.me\/p6RhLt-jXd","jetpack_sharing_enabled":true,"_links":{"self":[{"href":"https:\/\/eldiariodesanpedro.com.ar\/sitio\/wp-json\/wp\/v2\/posts\/76707","targetHints":{"allow":["GET"]}}],"collection":[{"href":"https:\/\/eldiariodesanpedro.com.ar\/sitio\/wp-json\/wp\/v2\/posts"}],"about":[{"href":"https:\/\/eldiariodesanpedro.com.ar\/sitio\/wp-json\/wp\/v2\/types\/post"}],"author":[{"embeddable":true,"href":"https:\/\/eldiariodesanpedro.com.ar\/sitio\/wp-json\/wp\/v2\/users\/4"}],"replies":[{"embeddable":true,"href":"https:\/\/eldiariodesanpedro.com.ar\/sitio\/wp-json\/wp\/v2\/comments?post=76707"}],"version-history":[{"count":9,"href":"https:\/\/eldiariodesanpedro.com.ar\/sitio\/wp-json\/wp\/v2\/posts\/76707\/revisions"}],"predecessor-version":[{"id":76718,"href":"https:\/\/eldiariodesanpedro.com.ar\/sitio\/wp-json\/wp\/v2\/posts\/76707\/revisions\/76718"}],"wp:featuredmedia":[{"embeddable":true,"href":"https:\/\/eldiariodesanpedro.com.ar\/sitio\/wp-json\/wp\/v2\/media\/76687"}],"wp:attachment":[{"href":"https:\/\/eldiariodesanpedro.com.ar\/sitio\/wp-json\/wp\/v2\/media?parent=76707"}],"wp:term":[{"taxonomy":"category","embeddable":true,"href":"https:\/\/eldiariodesanpedro.com.ar\/sitio\/wp-json\/wp\/v2\/categories?post=76707"},{"taxonomy":"post_tag","embeddable":true,"href":"https:\/\/eldiariodesanpedro.com.ar\/sitio\/wp-json\/wp\/v2\/tags?post=76707"}],"curies":[{"name":"wp","href":"https:\/\/api.w.org\/{rel}","templated":true}]}}