{"id":76703,"date":"2020-06-26T19:10:11","date_gmt":"2020-06-26T22:10:11","guid":{"rendered":"https:\/\/eldiariodesanpedro.com.ar\/sitio\/?p=76703"},"modified":"2020-06-26T20:33:56","modified_gmt":"2020-06-26T23:33:56","slug":"san-pedro-seguira-en-fase-4-por-el-momento","status":"publish","type":"post","link":"https:\/\/eldiariodesanpedro.com.ar\/sitio\/san-pedro-seguira-en-fase-4-por-el-momento\/","title":{"rendered":"San Pedro seguir\u00e1 en fase 4 por el momento"},"content":{"rendered":"<!-- VideographyWP Plugin Message: Automatic video embedding prevented by plugin options. -->\n\n<p>Tras el anuncio del Presidente Alberto Fernandez, junto con Larreta y Kicillof, la ciudad de San Pedro seguir\u00e1 en la fase 4 por el momento esperando poder pasar a fase 5, teniendo en cuenta los \u00faltimos contagios deber\u00edamos esperar 21 d\u00edas mas. <\/p>\n\n\n\n<p>Estas son las regiones afectadas  otra vez fase 1, como ir\u00edan quedando seg\u00fan los distritos detallados en la provincia.<\/p>\n\n\n\n<p>Las localidades que van a estar consideradas dentro del AMBA seran.los siguientes 35 distritos, en virtud de su situaci\u00f3n sanitaria y cercan\u00eda con los principales focos de contagio: Almirante Brown, Avellaneda, Berazategui, Berisso, Ensenada, Escobar, Esteban Echeverr\u00eda, Ezeiza, Florencio Varela, General Las Heras, General Rodr\u00edguez, General San Mart\u00edn, Hurlingham, Ituzaing\u00f3, Jos\u00e9 C. Paz, La Matanza, Lan\u00fas, La Plata, Lomas de Zamora, Luj\u00e1n, Malvinas Argentinas, Marcos Paz, Merlo, Moreno, Mor\u00f3n, Pilar, Presidente Per\u00f3n, Quilmes, San Fernando, San Isidro, San Miguel, San Vicente, Tigre, Tres de Febrero, Vicente L\u00f3pez.<br><\/p>\n\n\n\n<p>Los siguientes 5 distritos que tambien pertenecen en cierta manera al AMBApero son de car\u00e1cter semi-rural y con buenos indicadores sanitarios, permanecer\u00e1n en ASPO-Fase 3 (igual que ahora): Brandsen, Campana, Ca\u00f1uelas, Exaltaci\u00f3n de la Cruz y Z\u00e1rate.<br><\/p>\n\n\n\n<p>En cambio en el interior de la provincia en el marco del DSPO y del sistema de fases establecido por la PBA, los distritos del interior de la PBA que S\u00cd hayan tenido casos aut\u00f3ctonos en los \u00faltimos 21 d\u00edas estar\u00e1n en Fase 4.<br><br>En el marco del DSPO y del sistema de fases establecido por la PBA, los distritos del interior de la PBA que NO hayan tenido casos aut\u00f3ctonos en los \u00faltimos 21 d\u00edas estar\u00e1n en Fase 5.<br><\/p>\n\n\n\n<p>Como todos los lunes, la JGM publicar\u00e1 el lunes pr\u00f3ximo la actualizaci\u00f3n del sistema de fases de la PBA seg\u00fan los casos que se presente desde hoy hasta esa fecha.<\/p>\n\n\n\n<p>Las industrias por su parte dentro de la provincia de Buenos Aires.<br>Se mantendr\u00e1n en funcionamiento los siguientes sectores industriales en la regi\u00f3n del AMBA que ya se encontraban habilitados en cada distrito:<br>* Industrias esenciales (alimentaci\u00f3n, medicamentos, equipamiento m\u00e9dico, etc.).<br>* Industrias que operen dentro de parques industriales o zonas industriales planificadas.<br>* Industrias de proceso continuo.<br>* Industrias vinculadas a los sectores de exportaci\u00f3n.<br>En todos los casos, el funcionamiento de dichas industrias se debe realizar con transporte propio y estrictos protocolos sanitarios, de funcionamiento y de fiscalizaci\u00f3n por parte de los municipios.<br><\/p>\n\n\n\n<p>Comercios en la fase 1<br> Se mantendr\u00e1n abiertos solo los comercios de car\u00e1cter esencial (alimentaci\u00f3n, farmacias, Higiene y limpieza, ferreter\u00edas, veterinarias y provisi\u00f3n de garrafas).<br>Se mantiene permitido el reparto a domicilio de alimentos, medicamentos, productos de higiene, de limpieza y otros insumos de primera necesidad.<br><\/p>\n\n\n\n<p>Transportes en fase 1<br>Se permitir\u00e1 el acceso al transporte p\u00fablico de car\u00e1cter urbano, interdistrital e interjurisdiccional exclusivamente a los trabajadores y trabajadoras esenciales de las actividades y servicios permitidos en los puntos anteriores.<br> Solamente podr\u00e1n circular en transporte propio aquellos trabajadores y trabajadoras esenciales de las actividades y servicios permitidos en los puntos anteriores.<br>De modo de hacer efectiva la circulaci\u00f3n en transporte p\u00fablico y privado solamente de los trabajadores y trabajadoras esenciales se establecer\u00e1n controles estrictos en autopistas, estaciones y vagones de trenes y colectivos.<\/p>\n\n\n\n<p><\/p>\n","protected":false},"excerpt":{"rendered":"<p>Tras el anuncio del Presidente Alberto Fernandez, junto con Larreta y Kicillof, la ciudad de San Pedro seguir\u00e1 en la fase 4 por el momento esperando poder pasar a fase 5, teniendo en cuenta los \u00faltimos contagios deber\u00edamos esperar 21 d\u00edas mas. Estas son las regiones afectadas otra vez fase 1, como ir\u00edan quedando seg\u00fan [&hellip;]<\/p>\n","protected":false},"author":4,"featured_media":76292,"comment_status":"open","ping_status":"closed","sticky":false,"template":"","format":"standard","meta":{"om_disable_all_campaigns":false,"_jetpack_memberships_contains_paid_content":false,"footnotes":""},"categories":[101,2],"tags":[197],"class_list":["post-76703","post","type-post","status-publish","format-standard","has-post-thumbnail","hentry","category-interes-general-locales","category-locales","tag-buenos-aires"],"aioseo_notices":[],"gutentor_comment":0,"jetpack_featured_media_url":"https:\/\/eldiariodesanpedro.com.ar\/sitio\/wp-content\/uploads\/2020\/06\/WhatsApp-Image-2020-06-20-at-18.55.27.jpeg","jetpack_shortlink":"https:\/\/wp.me\/p6RhLt-jX9","jetpack_sharing_enabled":true,"_links":{"self":[{"href":"https:\/\/eldiariodesanpedro.com.ar\/sitio\/wp-json\/wp\/v2\/posts\/76703","targetHints":{"allow":["GET"]}}],"collection":[{"href":"https:\/\/eldiariodesanpedro.com.ar\/sitio\/wp-json\/wp\/v2\/posts"}],"about":[{"href":"https:\/\/eldiariodesanpedro.com.ar\/sitio\/wp-json\/wp\/v2\/types\/post"}],"author":[{"embeddable":true,"href":"https:\/\/eldiariodesanpedro.com.ar\/sitio\/wp-json\/wp\/v2\/users\/4"}],"replies":[{"embeddable":true,"href":"https:\/\/eldiariodesanpedro.com.ar\/sitio\/wp-json\/wp\/v2\/comments?post=76703"}],"version-history":[{"count":2,"href":"https:\/\/eldiariodesanpedro.com.ar\/sitio\/wp-json\/wp\/v2\/posts\/76703\/revisions"}],"predecessor-version":[{"id":76706,"href":"https:\/\/eldiariodesanpedro.com.ar\/sitio\/wp-json\/wp\/v2\/posts\/76703\/revisions\/76706"}],"wp:featuredmedia":[{"embeddable":true,"href":"https:\/\/eldiariodesanpedro.com.ar\/sitio\/wp-json\/wp\/v2\/media\/76292"}],"wp:attachment":[{"href":"https:\/\/eldiariodesanpedro.com.ar\/sitio\/wp-json\/wp\/v2\/media?parent=76703"}],"wp:term":[{"taxonomy":"category","embeddable":true,"href":"https:\/\/eldiariodesanpedro.com.ar\/sitio\/wp-json\/wp\/v2\/categories?post=76703"},{"taxonomy":"post_tag","embeddable":true,"href":"https:\/\/eldiariodesanpedro.com.ar\/sitio\/wp-json\/wp\/v2\/tags?post=76703"}],"curies":[{"name":"wp","href":"https:\/\/api.w.org\/{rel}","templated":true}]}}