{"id":76695,"date":"2020-06-26T17:15:29","date_gmt":"2020-06-26T20:15:29","guid":{"rendered":"https:\/\/eldiariodesanpedro.com.ar\/sitio\/?p=76695"},"modified":"2020-06-26T17:15:33","modified_gmt":"2020-06-26T20:15:33","slug":"ramallo-cerro-la-estacion-de-servicio-shell-por-prevencion","status":"publish","type":"post","link":"https:\/\/eldiariodesanpedro.com.ar\/sitio\/ramallo-cerro-la-estacion-de-servicio-shell-por-prevencion\/","title":{"rendered":"RAMALLO | Cerr\u00f3 la estaci\u00f3n de servicio Shell por prevenci\u00f3n"},"content":{"rendered":"<!-- VideographyWP Plugin Message: Automatic video embedding prevented by plugin options. -->\n\n<p>Sergio Butara, due\u00f1o de la \u00fanica estaci\u00f3n de servicio que despacha combustibles en Ramallo decidi\u00f3 cerrar la misma.<\/p>\n\n\n\n<p>Durante las \u00faltimas horas del d\u00eda jueves se conoci\u00f3 la noticia de un nuevo y tercer caso de covid positivo para Ramallo. La mujer de 38 a\u00f1os ser\u00eda familiar de uno de los empleados de dicha estaci\u00f3n de servicio.<br>Al respecto Sergio Butara, mediante un video en su cuenta de Facebook aclar\u00f3 la situaci\u00f3n.<\/p>\n\n\n\n<p>\u00abEs verdad que dio positivo un nuevo caso de covid en Ramallo. Y tambi\u00e9n es verdad que se trata de un familiar de un empleado de nuestro negocio. No se trata de ning\u00fan empleado\u00bb comenz\u00f3 describiendo y continu\u00f3: \u00abhay posibilidades de que se trate de un falso positivo. Pero no soy m\u00e9dico. Habr\u00e1 que esperar un segundo test\u00bb.<\/p>\n\n\n\n<p>Sobre la decisi\u00f3n de cerrar la \u00fanica estaci\u00f3n que despacha combustibles en Ramallo el empresario dijo: \u00abNosotros hemos tomado la decisi\u00f3n preventiva de cerrar la estaci\u00f3n de servicio. Es una decisi\u00f3n que hemos tomado de manera interna, no nos han pedido eso desde las autoridades sanitarias, ni desde el municipio. Simplemente es una cuesti\u00f3n personal porque considere que lo mejor ser\u00eda esperar el resultado de nuestro empleado, ya que tuvo contacto directo con su familiar y en caso de arrojar positivo obviamente habr\u00e1 que analizar a todos los empleados\u00bb.<\/p>\n\n\n\n<p>Finalizando remarc\u00f3 que hac\u00eda ese video para que la gente entendiera y conociera la verdad, ya que al ser un pueblo chico las noticias corren y no siempre son con la verdad.<\/p>\n\n\n\n<p>La verdad es un valor vinculado a la honestidad, que implica la actitud de mantener en todo momento la veracidad en las palabras y acciones. Ser sincero es decir siempre la verdad. Parece tan sencillo, pero resulta dif\u00edcil para muchas personas, pero no a m\u00ed!<\/p>\n\n\n\n<p>Fuente: <a href=\"https:\/\/www.ramalloinforma.com.ar\/interes-general\/sergio-butara-cerro-la-shell-por-prevencion\/\">Ramallo Informa<\/a><\/p>\n","protected":false},"excerpt":{"rendered":"<p>Sergio Butara, due\u00f1o de la \u00fanica estaci\u00f3n de servicio que despacha combustibles en Ramallo decidi\u00f3 cerrar la misma. Durante las \u00faltimas horas del d\u00eda jueves se conoci\u00f3 la noticia de un nuevo y tercer caso de covid positivo para Ramallo. La mujer de 38 a\u00f1os ser\u00eda familiar de uno de los empleados de dicha estaci\u00f3n [&hellip;]<\/p>\n","protected":false},"author":4,"featured_media":76696,"comment_status":"open","ping_status":"closed","sticky":false,"template":"","format":"standard","meta":{"om_disable_all_campaigns":false,"_jetpack_memberships_contains_paid_content":false,"footnotes":""},"categories":[621],"tags":[197,681],"class_list":["post-76695","post","type-post","status-publish","format-standard","has-post-thumbnail","hentry","category-regionales","tag-buenos-aires","tag-regionales"],"aioseo_notices":[],"gutentor_comment":0,"jetpack_featured_media_url":"https:\/\/eldiariodesanpedro.com.ar\/sitio\/wp-content\/uploads\/2020\/06\/shell.ramalloinforma.jpg","jetpack_shortlink":"https:\/\/wp.me\/p6RhLt-jX1","jetpack_sharing_enabled":true,"_links":{"self":[{"href":"https:\/\/eldiariodesanpedro.com.ar\/sitio\/wp-json\/wp\/v2\/posts\/76695","targetHints":{"allow":["GET"]}}],"collection":[{"href":"https:\/\/eldiariodesanpedro.com.ar\/sitio\/wp-json\/wp\/v2\/posts"}],"about":[{"href":"https:\/\/eldiariodesanpedro.com.ar\/sitio\/wp-json\/wp\/v2\/types\/post"}],"author":[{"embeddable":true,"href":"https:\/\/eldiariodesanpedro.com.ar\/sitio\/wp-json\/wp\/v2\/users\/4"}],"replies":[{"embeddable":true,"href":"https:\/\/eldiariodesanpedro.com.ar\/sitio\/wp-json\/wp\/v2\/comments?post=76695"}],"version-history":[{"count":1,"href":"https:\/\/eldiariodesanpedro.com.ar\/sitio\/wp-json\/wp\/v2\/posts\/76695\/revisions"}],"predecessor-version":[{"id":76697,"href":"https:\/\/eldiariodesanpedro.com.ar\/sitio\/wp-json\/wp\/v2\/posts\/76695\/revisions\/76697"}],"wp:featuredmedia":[{"embeddable":true,"href":"https:\/\/eldiariodesanpedro.com.ar\/sitio\/wp-json\/wp\/v2\/media\/76696"}],"wp:attachment":[{"href":"https:\/\/eldiariodesanpedro.com.ar\/sitio\/wp-json\/wp\/v2\/media?parent=76695"}],"wp:term":[{"taxonomy":"category","embeddable":true,"href":"https:\/\/eldiariodesanpedro.com.ar\/sitio\/wp-json\/wp\/v2\/categories?post=76695"},{"taxonomy":"post_tag","embeddable":true,"href":"https:\/\/eldiariodesanpedro.com.ar\/sitio\/wp-json\/wp\/v2\/tags?post=76695"}],"curies":[{"name":"wp","href":"https:\/\/api.w.org\/{rel}","templated":true}]}}