{"id":76692,"date":"2020-06-26T17:10:57","date_gmt":"2020-06-26T20:10:57","guid":{"rendered":"https:\/\/eldiariodesanpedro.com.ar\/sitio\/?p=76692"},"modified":"2020-06-26T17:10:59","modified_gmt":"2020-06-26T20:10:59","slug":"coronavirus-mas-de-30-personas-aisladas","status":"publish","type":"post","link":"https:\/\/eldiariodesanpedro.com.ar\/sitio\/coronavirus-mas-de-30-personas-aisladas\/","title":{"rendered":"Coronavirus: m\u00e1s de 30 personas aisladas"},"content":{"rendered":"<!-- VideographyWP Plugin Message: Automatic video embedding prevented by plugin options. -->\n\n<p>A trav\u00e9s de una conferencia de prensa, dictada desde el municipio las autoridades del Hospital actualizaron la situaci\u00f3n epidemiol\u00f3gica de Ramallo y trataron de aportar tranquilidad a la comunidad de Ramallo.<br>Juan Manuel Desposito junto con Guillermo Van Kemenade detallaron la situaci\u00f3n de salud de la persona que arroj\u00f3 resultado positivo de coronavirus y remarcaron que no hay circulaci\u00f3n comunitaria del virus ni en el Gomendio ni en Ramallo.<\/p>\n\n\n\n<p>Dep\u00f3sito describi\u00f3 brevemente el historial medico de la paciente: El 12 de abril se deriva con una crisis de mal asm\u00e1tica grave y falla respiratoria.<br>Llega al hospital San Felipe donde se le hace un hisopado protocolar de covid-19 siendo que reun\u00eda criterios de paciente sospechoso que ingresa con asistencia respiratoria mec\u00e1nica. La paciente entra en insuficiencia respiratoria con asistencia mec\u00e1nica. <\/p>\n\n\n\n<p>El hisopado de covid-19 dio negativo. La paciente, desde el 12 de abril hasta el 9 de junio, que la fuimos a buscar de alta de la sala de terapia intensiva, instal\u00f3 una neumon\u00eda asociada a respirador y una insuficiencia renal por lo que se le tuvo que hacer una traqueotom\u00eda. Se le da de alta de terapia en San Nicol\u00e1s, y c\u00f3mo es paciente de Ramallo y por una cuesti\u00f3n de cercan\u00eda, le conven\u00eda terminar sus d\u00edas de internaci\u00f3n en la sala general de nuestro hospital. Llega el 9 de junio al Gomendio y la vemos todos los d\u00edas, l\u00f3gicamente con nuestra indumentaria y cobertura preventiva. La paciente tuvo un solo d\u00eda registro de fiebre, que se le interpret\u00f3 como infecci\u00f3n urinaria, se le administraron antibi\u00f3ticos y la fiebre no volvi\u00f3 hasta el d\u00eda de ayer que yo la controle. Tuvo una complicaci\u00f3n (que ya ven\u00eda del San Felipe) en su traqueotom\u00eda, por una estenosis (estrechez) por lo que estamos haciendo papeles protocolares para trasladarla al San Juan de Dios, donde l\u00f3gicamente nos ped\u00edan un pre quir\u00fargico un hisopado para resolverle el cuadro respiratorio. El hisopado se le hizo el d\u00eda 22. Y en el dia de ayer a la noche, recibimos el resultado del test que indicaba ser un caso de Covid-19 positivo\u201d.<\/p>\n\n\n\n<p>Van Kemenade por su parte detall\u00f3 que \u00abni bien recibimos la informaci\u00f3n desde la regi\u00f3n sanitaria IV, que indicaba que el an\u00e1lisis hab\u00eda dado positivos, se tomaron las medidas con respecto al personal y tuvimos que tomar control de los contactos que hab\u00edan estado en relaci\u00f3n con ella. Nos pusimos en contacto con la familia que son las personas que la ven\u00edan a ciudad y siguiendo el protocolo, decidimos hacerle un hisopado a todos estos familiares directos y aislar a un grupo del personal que hab\u00eda estado en contacto con la paciente, como ser los kinesi\u00f3logos que estuvieron en contacto directo\u00bb.<\/p>\n\n\n\n<p>Una aclaraci\u00f3n importante que hizo Guillermo fue la siguiente: \u00abSe toma como contacto sospechoso a quienes estuvieron dentro de la misma habitaci\u00f3n, m\u00e1s de 15 minutos con la persona, y en alg\u00fan momento estuvieron sin barbijo. Que sea un familiar, no quiere decir que sea un contacto estrecho.<\/p>\n\n\n\n<p>Con respecto a la familia todos est\u00e1n en aislamiento domiciliario y est\u00e1n todos bien, la paciente est\u00e1 estable y tiene que permanecer internada. Esperamos los resultados de las muestras y se le har\u00e1 el seguimiento a quienes est\u00e1n en aislamiento por si aparece alguno con s\u00edntomas.<br>Sobre la situaci\u00f3n de las cantidades de personas que se encuentran aisladas Van Kemenade indic\u00f3 que \u201cser\u00edan unas 12 personas del sistema de salud y unos 20 familiares que habr\u00edan sido contactos estrechos\u201d.<\/p>\n\n\n\n<p>Los m\u00e9dicos aclararon que \u201cno hay circulaci\u00f3n comunitario del virus en el Gomendio y tampoco en el San Felipe\u201d. REITERARON: \u00abNos preocupa preservar la salud de los pacientes y la del personal del hospital; la paciente est\u00e1 bien, no tiene fiebre y est\u00e1 estable. Queremos llevarle tranquilidad a la familia\u00bb.<\/p>\n\n\n\n<p>CONFERENCIA DE PRENSA Situaci\u00f3n Epidemiol\u00f3gica: COVID-19 Publicado por Municipalidad de Ramallo en Viernes, 26 de junio de 2020<\/p>\n\n\n\n<p>Fuente: <a href=\"https:\/\/www.ramalloinforma.com.ar\/interes-general\/covid-19-en-ramallo-mas-de-30-personas-aisladas-por-contacto-estrecho\/\">Ramallo Informa<\/a><\/p>\n","protected":false},"excerpt":{"rendered":"<p>A trav\u00e9s de una conferencia de prensa, dictada desde el municipio las autoridades del Hospital actualizaron la situaci\u00f3n epidemiol\u00f3gica de Ramallo y trataron de aportar tranquilidad a la comunidad de Ramallo.Juan Manuel Desposito junto con Guillermo Van Kemenade detallaron la situaci\u00f3n de salud de la persona que arroj\u00f3 resultado positivo de coronavirus y remarcaron que [&hellip;]<\/p>\n","protected":false},"author":4,"featured_media":76693,"comment_status":"open","ping_status":"closed","sticky":false,"template":"","format":"standard","meta":{"om_disable_all_campaigns":false,"_jetpack_memberships_contains_paid_content":false,"footnotes":""},"categories":[621],"tags":[197,681],"class_list":["post-76692","post","type-post","status-publish","format-standard","has-post-thumbnail","hentry","category-regionales","tag-buenos-aires","tag-regionales"],"aioseo_notices":[],"gutentor_comment":0,"jetpack_featured_media_url":"https:\/\/eldiariodesanpedro.com.ar\/sitio\/wp-content\/uploads\/2020\/06\/WhatsApp-Image-2020-06-26-at-12.08.49.jpeg","jetpack_shortlink":"https:\/\/wp.me\/p6RhLt-jWY","jetpack_sharing_enabled":true,"_links":{"self":[{"href":"https:\/\/eldiariodesanpedro.com.ar\/sitio\/wp-json\/wp\/v2\/posts\/76692","targetHints":{"allow":["GET"]}}],"collection":[{"href":"https:\/\/eldiariodesanpedro.com.ar\/sitio\/wp-json\/wp\/v2\/posts"}],"about":[{"href":"https:\/\/eldiariodesanpedro.com.ar\/sitio\/wp-json\/wp\/v2\/types\/post"}],"author":[{"embeddable":true,"href":"https:\/\/eldiariodesanpedro.com.ar\/sitio\/wp-json\/wp\/v2\/users\/4"}],"replies":[{"embeddable":true,"href":"https:\/\/eldiariodesanpedro.com.ar\/sitio\/wp-json\/wp\/v2\/comments?post=76692"}],"version-history":[{"count":1,"href":"https:\/\/eldiariodesanpedro.com.ar\/sitio\/wp-json\/wp\/v2\/posts\/76692\/revisions"}],"predecessor-version":[{"id":76694,"href":"https:\/\/eldiariodesanpedro.com.ar\/sitio\/wp-json\/wp\/v2\/posts\/76692\/revisions\/76694"}],"wp:featuredmedia":[{"embeddable":true,"href":"https:\/\/eldiariodesanpedro.com.ar\/sitio\/wp-json\/wp\/v2\/media\/76693"}],"wp:attachment":[{"href":"https:\/\/eldiariodesanpedro.com.ar\/sitio\/wp-json\/wp\/v2\/media?parent=76692"}],"wp:term":[{"taxonomy":"category","embeddable":true,"href":"https:\/\/eldiariodesanpedro.com.ar\/sitio\/wp-json\/wp\/v2\/categories?post=76692"},{"taxonomy":"post_tag","embeddable":true,"href":"https:\/\/eldiariodesanpedro.com.ar\/sitio\/wp-json\/wp\/v2\/tags?post=76692"}],"curies":[{"name":"wp","href":"https:\/\/api.w.org\/{rel}","templated":true}]}}